{"id":211540,"date":"2025-03-13T15:55:05","date_gmt":"2025-03-13T15:55:05","guid":{"rendered":"https:\/\/rnoticias.com.mx\/Portal\/?p=211540"},"modified":"2025-03-13T15:55:05","modified_gmt":"2025-03-13T15:55:05","slug":"inicia-fgjes-investigaciones-por-agresion-contra-menor-en-hermosillo","status":"publish","type":"post","link":"https:\/\/rnoticias.com.mx\/Portal\/2025\/03\/13\/inicia-fgjes-investigaciones-por-agresion-contra-menor-en-hermosillo\/","title":{"rendered":"Inicia FGJES investigaciones por agresi\u00f3n contra menor en Hermosillo"},"content":{"rendered":"<p>Hermosillo, Sonora, a 13 de marzo de 2025.- La Fiscal\u00eda General de Justicia del Estado de Sonora (FGJES) abri\u00f3 carpeta de investigaci\u00f3n con perspectiva de adolescencia tras tener conocimiento de los hechos ocurridos la tarde-noche del pasado 12 de marzo, donde una menor estudiante de una secundaria al norte de Hermosillo fue agredida f\u00edsicamente, presuntamente por otras alumnas del mismo plantel, en el exterior del centro escolar.<\/p>\n<p>La Agencia del Ministerio P\u00fablico Especializada en Procuraci\u00f3n de Justicia para Adolescentes inici\u00f3 las diligencias correspondientes y se trabaja para recibir formalmente la denuncia de los padres de la v\u00edctima, a fin de integrar los elementos probatorios necesarios.<\/p>\n<p>La menor, quien ya fue dada de alta, present\u00f3 lesiones leves que no ponen en riesgo su vida.<\/p>\n<p>La agresi\u00f3n, que fue difundida en redes sociales, est\u00e1 siendo analizada para el esclarecimiento de los hechos.<\/p>\n<p>Agentes ministeriales realizan entrevistas con testigos y recopilan evidencia que permitan determinar las circunstancias del incidente, adem\u00e1s, se mantiene coordinaci\u00f3n con autoridades educativas para garantizar la seguridad en el entorno escolar.<\/p>\n<p>La Fiscal\u00eda General de Justicia del Estado de Sonora (FGJES) reitera su compromiso de actuar con firmeza ante hechos que atenten contra la integridad de ni\u00f1as, ni\u00f1os y adolescentes, y continuar\u00e1 implementando acciones para la procuraci\u00f3n de justicia en el Estado, con investigaciones s\u00f3lidas y apegadas a derecho.<\/p>\n","protected":false},"excerpt":{"rendered":"<p>Hermosillo, Sonora, a 13 de marzo de 2025.- La Fiscal\u00eda General de Justicia del Estado de Sonora (FGJES) abri\u00f3 carpeta de investigaci\u00f3n con perspectiva de adolescencia tras tener conocimiento de los hechos ocurridos la tarde-noche del pasado 12 de marzo, donde una menor estudiante de una secundaria al norte de Hermosillo fue agredida f\u00edsicamente, presuntamente [&hellip;]<\/p>\n","protected":false},"author":2,"featured_media":211541,"comment_status":"closed","ping_status":"closed","sticky":false,"template":"","format":"standard","meta":{"footnotes":""},"categories":[12870,178],"tags":[12865,12869],"class_list":["post-211540","post","type-post","status-publish","format-standard","has-post-thumbnail","hentry","category-destacadas","category-local","tag-destacadas","tag-local"],"jetpack_featured_media_url":"https:\/\/rnoticias.com.mx\/Portal\/wp-content\/uploads\/2025\/03\/218c7ca5-7b59-4d04-9928-f62a6b9ef1bc.jpg","amp_enabled":true,"_links":{"self":[{"href":"https:\/\/rnoticias.com.mx\/Portal\/wp-json\/wp\/v2\/posts\/211540","targetHints":{"allow":["GET"]}}],"collection":[{"href":"https:\/\/rnoticias.com.mx\/Portal\/wp-json\/wp\/v2\/posts"}],"about":[{"href":"https:\/\/rnoticias.com.mx\/Portal\/wp-json\/wp\/v2\/types\/post"}],"author":[{"embeddable":true,"href":"https:\/\/rnoticias.com.mx\/Portal\/wp-json\/wp\/v2\/users\/2"}],"replies":[{"embeddable":true,"href":"https:\/\/rnoticias.com.mx\/Portal\/wp-json\/wp\/v2\/comments?post=211540"}],"version-history":[{"count":1,"href":"https:\/\/rnoticias.com.mx\/Portal\/wp-json\/wp\/v2\/posts\/211540\/revisions"}],"predecessor-version":[{"id":211542,"href":"https:\/\/rnoticias.com.mx\/Portal\/wp-json\/wp\/v2\/posts\/211540\/revisions\/211542"}],"wp:featuredmedia":[{"embeddable":true,"href":"https:\/\/rnoticias.com.mx\/Portal\/wp-json\/wp\/v2\/media\/211541"}],"wp:attachment":[{"href":"https:\/\/rnoticias.com.mx\/Portal\/wp-json\/wp\/v2\/media?parent=211540"}],"wp:term":[{"taxonomy":"category","embeddable":true,"href":"https:\/\/rnoticias.com.mx\/Portal\/wp-json\/wp\/v2\/categories?post=211540"},{"taxonomy":"post_tag","embeddable":true,"href":"https:\/\/rnoticias.com.mx\/Portal\/wp-json\/wp\/v2\/tags?post=211540"}],"curies":[{"name":"wp","href":"https:\/\/api.w.org\/{rel}","templated":true}]}}