{"id":211534,"date":"2025-03-13T15:41:34","date_gmt":"2025-03-13T15:41:34","guid":{"rendered":"https:\/\/rnoticias.com.mx\/Portal\/?p=211534"},"modified":"2025-03-13T15:41:34","modified_gmt":"2025-03-13T15:41:34","slug":"jay-de-la-cueva-regresa-a-molotov","status":"publish","type":"post","link":"https:\/\/rnoticias.com.mx\/Portal\/2025\/03\/13\/jay-de-la-cueva-regresa-a-molotov\/","title":{"rendered":"Jay de la Cueva regresa a Molotov"},"content":{"rendered":"<p>El m\u00fasico\u00a0<strong>Jay de la Cueva<\/strong>, reconocido por su papel en\u00a0<strong>Moderatto o Tit\u00e1n<\/strong>, regresar\u00e1 a\u00a0<strong>Molotov<\/strong>\u00a0para suplir temporalmente a Tito Fuentes en la pr\u00f3xima edici\u00f3n del festival\u00a0<a href=\"https:\/\/www.unotv.com\/entretenimiento\/vive-latino-2025-echara-la-casa-por-la-ventana-para-su-25-aniversario\/\" target=\"_blank\" rel=\"noreferrer noopener\">Vive Latino<\/a>. te contamos c\u00f3mo es que el cantante fue de los fundadores de la m\u00edtica banda mexicana.<\/p>\n<h2 id=\"h-por-que-regresa-nbsp-jay-de-la-cueva-a-molotov\" class=\"wp-block-heading\">\u00bfPor qu\u00e9 regresa\u00a0 Jay de la Cueva a Molotov?<\/h2>\n<p>Esta decisi\u00f3n se debe a que\u00a0<strong>Tito Fuentes<\/strong>\u00a0se encuentra en un proceso de rehabilitaci\u00f3n tanto f\u00edsico como mental y ha decidido ausentarse de los escenarios hasta estar completamente recuperado.<\/p>\n<p>En un comunicado compartido en redes sociales, Fuentes explic\u00f3: \u201cEstoy en un proceso de rehabilitaci\u00f3n tanto f\u00edsico como mental que me ha orillado a ausentarme de los escenarios en los \u00faltimos conciertos de Molotov. Poniendo mi salud como prioridad, he decidido no regresar a tocar hasta estar al 100%\u201d. En el mismo mensaje, expres\u00f3 su admiraci\u00f3n por De la Cueva y su confianza en que su regreso aportar\u00e1 a la banda.<\/p>\n<p>Aunque la mayor\u00eda del p\u00fablico asocia a\u00a0<strong>Jay de la Cueva con Moderatto\u00a0<\/strong>y actualmente con la banda Los Guapos, su relaci\u00f3n con Molotov se remonta a\u00a0<strong>los inicios de la agrupaci\u00f3n.\u00a0<\/strong><\/p>\n<p>Proveniente de una familia de m\u00fasicos,\u00a0<strong>Jay<\/strong>\u00a0comenz\u00f3 a tocar instrumentos desde ni\u00f1o y particip\u00f3 en bandas como Microchips y La Candelaria, en la que coincidi\u00f3 con\u00a0<strong>Miky Huidobro y Tito Fuentes<\/strong>. Su conexi\u00f3n con ellos fue clave para la formaci\u00f3n de Molotov, donde inicialmente fungi\u00f3 como bajista y vocalista.<\/p>\n<p>En una entrevista para Exa, Jay de la Cueva record\u00f3: \u201cEmpezamos a tocar ese primer \u00e1lbum que se convertir\u00eda en \u00bfD\u00f3nde Jugar\u00e1n las Ni\u00f1as? sin que nadie conociera las canciones. Esa es la \u00fanica banda que he tenido en la que de un cuarto de ensayo salen las canciones\u201d.<\/p>\n<p>La primera presentaci\u00f3n oficial de Molotov fue en un concurso de bandas organizado por Coca-Cola, donde destacaron, sin embargo, poco despu\u00e9s\u00a0<strong>Jay de la Cueva dej\u00f3 la agrupaci\u00f3n para unirse a Fobia\u00a0<\/strong>como baterista, otra banda clave en la escena del rock mexicano.<\/p>\n<p>Jay fue \u00e9l quien recomend\u00f3 a Randy Ebright como baterista para suplir a Iv\u00e1n Moreno, un\u00a0<strong>puesto que Ebright ocupa hasta la fecha en Molotov<\/strong>. Jay y Randy se conocieron en la adolescencia, cuando el estadounidense lleg\u00f3 a M\u00e9xico por el trabajo de su padre en la DEA.<\/p>\n<p>Tras su salida definitiva de\u00a0<strong>Molotov<\/strong>, en 1999 Jay cre\u00f3 el alter ego de Brian Amadeus y fund\u00f3 Moderatto, banda con una est\u00e9tica glam rock que le dio mayor reconocimiento comercial, tambi\u00e9n ha formado parte de proyectos como Titan y recientemente la banda\u00a0<strong>Los Guapos<\/strong>\u00a0que comparte con sus amigos\u00a0<strong>Leiva, El David Aguilar y Ad\u00e1n Jodorowsky<\/strong>.<\/p>\n","protected":false},"excerpt":{"rendered":"<p>El m\u00fasico\u00a0Jay de la Cueva, reconocido por su papel en\u00a0Moderatto o Tit\u00e1n, regresar\u00e1 a\u00a0Molotov\u00a0para suplir temporalmente a Tito Fuentes en la pr\u00f3xima edici\u00f3n del festival\u00a0Vive Latino. te contamos c\u00f3mo es que el cantante fue de los fundadores de la m\u00edtica banda mexicana. \u00bfPor qu\u00e9 regresa\u00a0 Jay de la Cueva a Molotov? Esta decisi\u00f3n se debe [&hellip;]<\/p>\n","protected":false},"author":2,"featured_media":211535,"comment_status":"closed","ping_status":"closed","sticky":false,"template":"","format":"standard","meta":{"footnotes":""},"categories":[12870,219],"tags":[12865,12875],"class_list":["post-211534","post","type-post","status-publish","format-standard","has-post-thumbnail","hentry","category-destacadas","category-espectaculos","tag-destacadas","tag-espectaculos"],"jetpack_featured_media_url":"https:\/\/rnoticias.com.mx\/Portal\/wp-content\/uploads\/2025\/03\/Jay-de-la-Cueva-singer-of-Moderatto-mtv-2022-billboard-espanol-1548.webp","amp_enabled":true,"_links":{"self":[{"href":"https:\/\/rnoticias.com.mx\/Portal\/wp-json\/wp\/v2\/posts\/211534","targetHints":{"allow":["GET"]}}],"collection":[{"href":"https:\/\/rnoticias.com.mx\/Portal\/wp-json\/wp\/v2\/posts"}],"about":[{"href":"https:\/\/rnoticias.com.mx\/Portal\/wp-json\/wp\/v2\/types\/post"}],"author":[{"embeddable":true,"href":"https:\/\/rnoticias.com.mx\/Portal\/wp-json\/wp\/v2\/users\/2"}],"replies":[{"embeddable":true,"href":"https:\/\/rnoticias.com.mx\/Portal\/wp-json\/wp\/v2\/comments?post=211534"}],"version-history":[{"count":1,"href":"https:\/\/rnoticias.com.mx\/Portal\/wp-json\/wp\/v2\/posts\/211534\/revisions"}],"predecessor-version":[{"id":211536,"href":"https:\/\/rnoticias.com.mx\/Portal\/wp-json\/wp\/v2\/posts\/211534\/revisions\/211536"}],"wp:featuredmedia":[{"embeddable":true,"href":"https:\/\/rnoticias.com.mx\/Portal\/wp-json\/wp\/v2\/media\/211535"}],"wp:attachment":[{"href":"https:\/\/rnoticias.com.mx\/Portal\/wp-json\/wp\/v2\/media?parent=211534"}],"wp:term":[{"taxonomy":"category","embeddable":true,"href":"https:\/\/rnoticias.com.mx\/Portal\/wp-json\/wp\/v2\/categories?post=211534"},{"taxonomy":"post_tag","embeddable":true,"href":"https:\/\/rnoticias.com.mx\/Portal\/wp-json\/wp\/v2\/tags?post=211534"}],"curies":[{"name":"wp","href":"https:\/\/api.w.org\/{rel}","templated":true}]}}