{"id":211499,"date":"2025-03-13T01:17:16","date_gmt":"2025-03-13T01:17:16","guid":{"rendered":"https:\/\/rnoticias.com.mx\/Portal\/?p=211499"},"modified":"2025-03-13T01:17:16","modified_gmt":"2025-03-13T01:17:16","slug":"dan-alta-a-bebe-abandonado-en-tultitlan-queda-bajo-resguardo-del-dif","status":"publish","type":"post","link":"https:\/\/rnoticias.com.mx\/Portal\/2025\/03\/13\/dan-alta-a-bebe-abandonado-en-tultitlan-queda-bajo-resguardo-del-dif\/","title":{"rendered":"Dan alta a beb\u00e9 abandonado en Tultitl\u00e1n; queda bajo resguardo del DIF"},"content":{"rendered":"<p><strong>El beb\u00e9 de 29 d\u00edas de nacido<\/strong>, abandonado en febrero pasado en calles de\u00a0<strong>Tultitl\u00e1n<\/strong>, Estado de M\u00e9xico, ya fue dado de alta del Hospital Regional de Alta Especialidad Bicentenario de la Independencia, en el mismo municipio, donde fue atendido.<\/p>\n<p>Lo anterior fue confirmado por\u00a0<strong>Mart\u00ed Batres<\/strong>, director del Instituto de Seguridad y Servicios Sociales de los Trabajadores del Estado (ISSSTE).<\/p>\n<h2 id=\"h-issste-entrego-al-bebe-al-difem\" class=\"wp-block-heading\"><strong>ISSSTE entreg\u00f3 al beb\u00e9 al DIFEM<\/strong><\/h2>\n<p><a href=\"https:\/\/www.unotv.com\/estados\/estado-de-mexico\/hallan-bebe-de-5-meses-de-gestacion-abandonado-en-bolsa-de-basura-en-tultitlan-hay-una-menor-detenida\/\" target=\"_blank\" rel=\"noreferrer noopener\">El menor,\u00a0<\/a>en\u00a0<strong>buen estado de salud<\/strong>, fue entregado al\u00a0<strong>Sistema para el Desarrollo Integral de la Familia del Estado de M\u00e9xico (DIFEM)<\/strong>, bajo la representaci\u00f3n de la\u00a0<strong>Procuradur\u00eda Estatal de Protecci\u00f3n de Ni\u00f1as, Ni\u00f1os y Adolescentes<\/strong>.<\/p>\n<p>Durante el proceso de entrega participaron integrantes de la\u00a0<strong>Fiscal\u00eda General de Justicia del Estado de M\u00e9xico (FGJEM)<\/strong>\u00a0y el\u00a0<strong>\u00e1rea jur\u00eddica del hospital<\/strong>.<\/p>\n<p>El beb\u00e9 fue recibido en el hospital el pasado\u00a0<strong>11 de febrero<\/strong>, presentando un cuadro de\u00a0<strong>hipotermia y deshidrataci\u00f3n<\/strong>. El personal\u00a0<strong>m\u00e9dico y de enfermer\u00eda<\/strong>\u00a0del ISSSTE proporcion\u00f3 los cuidados necesarios,\u00a0<strong>logrando estabilizarlo desde los primeros d\u00edas.<\/strong><\/p>\n<p>Los signos vitales del paciente se mantuvieron estables durante su evoluci\u00f3n. Se le realizaron pruebas de tamiz metab\u00f3lico, auditivo y cardiol\u00f3gico, sin detectar enfermedades cong\u00e9nitas.<\/p>\n<div class=\"code-block code-block-18\"><\/div>\n<h2 id=\"h-vacunacion-y-neuroproteccion-al-bebe\" class=\"wp-block-heading\"><strong>Vacunaci\u00f3n y neuroprotecci\u00f3n al beb\u00e9<\/strong><\/h2>\n<p>Para prevenir enfermedades, al menor se le aplicaron las vacunas contra la\u00a0<strong>Hepatitis B<\/strong>\u00a0y la\u00a0<strong>BCG contra la tuberculosis<\/strong>. Adem\u00e1s, recibi\u00f3 atenci\u00f3n en el \u00e1rea de\u00a0<strong>neuroprotecci\u00f3n<\/strong>, disciplina en la que el hospital es pionero.<\/p>\n<p>El\u00a0<strong>ISSSTE<\/strong>, dirigido por\u00a0<strong>Mart\u00ed Batres<\/strong>, reconoci\u00f3 la labor del personal\u00a0<strong>m\u00e9dico, de enfermer\u00eda y administrativo<\/strong>\u00a0que particip\u00f3 en la atenci\u00f3n del peque\u00f1o, garantizando su\u00a0<strong>buen estado de salud<\/strong>\u00a0y su adecuada recuperaci\u00f3n.<\/p>\n<h2 id=\"h-caso-del-recien-nacido-abandonado-en-tultitlan\" class=\"wp-block-heading\"><strong>Caso del reci\u00e9n nacido abandonado en Tultitl\u00e1n<\/strong><\/h2>\n<p>El pasado martes 11 de febrero de 2025, se dio a conocer un video que registr\u00f3 c\u00f3mo un joven abandonaba a un reci\u00e9n nacido dentro de una bolsa de pl\u00e1stico en calles de Tultitl\u00e1n, Estado de M\u00e9xico.<\/p>\n<p>El video r\u00e1pidamente se hizo viral en las redes sociales; posteriormente, se inform\u00f3 que\u00a0<strong>la persona que hab\u00eda abandonado al beb\u00e9 se hab\u00eda entregado a las autoridades<\/strong>.<\/p>\n<p>El caso del menor abandonado en calles del Estado de M\u00e9xico caus\u00f3 indignaci\u00f3n tras darse a conocer la presunta colaboraci\u00f3n de la madre para\u00a0<strong>planear\u00a0<a href=\"https:\/\/www.unotv.com\/estados\/estado-de-mexico\/abuela-pide-custodia-bebe-abandonado-tultitlan\/\" target=\"_blank\" rel=\"noreferrer noopener\">el hecho<\/a><\/strong>.<\/p>\n","protected":false},"excerpt":{"rendered":"<p>El beb\u00e9 de 29 d\u00edas de nacido, abandonado en febrero pasado en calles de\u00a0Tultitl\u00e1n, Estado de M\u00e9xico, ya fue dado de alta del Hospital Regional de Alta Especialidad Bicentenario de la Independencia, en el mismo municipio, donde fue atendido. Lo anterior fue confirmado por\u00a0Mart\u00ed Batres, director del Instituto de Seguridad y Servicios Sociales de los [&hellip;]<\/p>\n","protected":false},"author":2,"featured_media":211500,"comment_status":"closed","ping_status":"closed","sticky":false,"template":"","format":"standard","meta":{"footnotes":""},"categories":[12870,172],"tags":[12865,12874],"class_list":["post-211499","post","type-post","status-publish","format-standard","has-post-thumbnail","hentry","category-destacadas","category-nacional","tag-destacadas","tag-nacional"],"jetpack_featured_media_url":"https:\/\/rnoticias.com.mx\/Portal\/wp-content\/uploads\/2025\/03\/IMG_4824.jpeg","amp_enabled":true,"_links":{"self":[{"href":"https:\/\/rnoticias.com.mx\/Portal\/wp-json\/wp\/v2\/posts\/211499","targetHints":{"allow":["GET"]}}],"collection":[{"href":"https:\/\/rnoticias.com.mx\/Portal\/wp-json\/wp\/v2\/posts"}],"about":[{"href":"https:\/\/rnoticias.com.mx\/Portal\/wp-json\/wp\/v2\/types\/post"}],"author":[{"embeddable":true,"href":"https:\/\/rnoticias.com.mx\/Portal\/wp-json\/wp\/v2\/users\/2"}],"replies":[{"embeddable":true,"href":"https:\/\/rnoticias.com.mx\/Portal\/wp-json\/wp\/v2\/comments?post=211499"}],"version-history":[{"count":1,"href":"https:\/\/rnoticias.com.mx\/Portal\/wp-json\/wp\/v2\/posts\/211499\/revisions"}],"predecessor-version":[{"id":211501,"href":"https:\/\/rnoticias.com.mx\/Portal\/wp-json\/wp\/v2\/posts\/211499\/revisions\/211501"}],"wp:featuredmedia":[{"embeddable":true,"href":"https:\/\/rnoticias.com.mx\/Portal\/wp-json\/wp\/v2\/media\/211500"}],"wp:attachment":[{"href":"https:\/\/rnoticias.com.mx\/Portal\/wp-json\/wp\/v2\/media?parent=211499"}],"wp:term":[{"taxonomy":"category","embeddable":true,"href":"https:\/\/rnoticias.com.mx\/Portal\/wp-json\/wp\/v2\/categories?post=211499"},{"taxonomy":"post_tag","embeddable":true,"href":"https:\/\/rnoticias.com.mx\/Portal\/wp-json\/wp\/v2\/tags?post=211499"}],"curies":[{"name":"wp","href":"https:\/\/api.w.org\/{rel}","templated":true}]}}