{"id":211493,"date":"2025-03-13T00:42:52","date_gmt":"2025-03-13T00:42:52","guid":{"rendered":"https:\/\/rnoticias.com.mx\/Portal\/?p=211493"},"modified":"2025-03-13T00:42:52","modified_gmt":"2025-03-13T00:42:52","slug":"gobernador-durazo-atrae-mas-empleo-con-instalacion-de-mina-las-chispas-resultado-del-plan-sonora","status":"publish","type":"post","link":"https:\/\/rnoticias.com.mx\/Portal\/2025\/03\/13\/gobernador-durazo-atrae-mas-empleo-con-instalacion-de-mina-las-chispas-resultado-del-plan-sonora\/","title":{"rendered":"Gobernador Durazo atrae m\u00e1s empleo con instalaci\u00f3n de mina Las Chispas resultado del Plan Sonora"},"content":{"rendered":"<p>Hermosillo, Sonora; 12 de marzo de 2025- Con el arribo de nuevas inversiones mineras a la entidad, atra\u00eddas por el Plan Sonora de Energ\u00edas Sostenibles, el Gobierno de Sonora impulsa el desarrollo econ\u00f3mico del estado y la generaci\u00f3n de empleos mejor remunerados en beneficio de la ciudadan\u00eda, asever\u00f3 el gobernador Alfonso Durazo Monta\u00f1o al reunirse con Mitchell J. Krebs, director general de Coeur Mining Inc, para anunciar la instalaci\u00f3n de la mina Las Chispas en Arizpe, Sonora.<\/p>\n<p>&nbsp;<\/p>\n<p>El mandatario estatal explic\u00f3 que esta compa\u00f1\u00eda est\u00e1 a cargo de la empresa minera en el municipio de Arizpe, con un proyecto de 1.6 mil millones de d\u00f3lares, lo que permite el fortalecimiento de la econom\u00eda en el estado a trav\u00e9s de una actividad minera sustentable.<\/p>\n<p>&nbsp;<\/p>\n<p>\u201cDecirles que estoy aqu\u00ed a la orden para facilitar el \u00e9xito de su inversi\u00f3n, y que los acompa\u00f1aremos invariablemente para su apertura, establecimiento, aprovechamiento, y cualquier tema que haya sobre la marcha, estar\u00e9 invariablemente aqu\u00ed a sus \u00f3rdenes\u201d, indic\u00f3.<\/p>\n<p>&nbsp;<\/p>\n<p>Esta operaci\u00f3n contempla la extracci\u00f3n de oro y plata y genera mil empleos directos, de los cuales el 99 por ciento corresponden a ciudadanos mexicanos.<\/p>\n<p>&nbsp;<\/p>\n<p>A trav\u00e9s del Plan Sonora, el estado se convertir\u00e1 en un polo de desarrollo para la transici\u00f3n energ\u00e9tica y la descarbonizaci\u00f3n de la econom\u00eda en el mundo, impulsando la electromovilidad y las energ\u00edas limpias, posicionando a la entidad sonorense como un referente nacional e internacional en sostenibilidad y econom\u00eda verde. Recientemente, Las Chispas tambi\u00e9n comenz\u00f3 a recibir toda su electricidad de energ\u00eda solar.<\/p>\n","protected":false},"excerpt":{"rendered":"<p>Hermosillo, Sonora; 12 de marzo de 2025- Con el arribo de nuevas inversiones mineras a la entidad, atra\u00eddas por el Plan Sonora de Energ\u00edas Sostenibles, el Gobierno de Sonora impulsa el desarrollo econ\u00f3mico del estado y la generaci\u00f3n de empleos mejor remunerados en beneficio de la ciudadan\u00eda, asever\u00f3 el gobernador Alfonso Durazo Monta\u00f1o al reunirse [&hellip;]<\/p>\n","protected":false},"author":2,"featured_media":211494,"comment_status":"closed","ping_status":"closed","sticky":false,"template":"","format":"standard","meta":{"footnotes":""},"categories":[12870,178],"tags":[12865,12869],"class_list":["post-211493","post","type-post","status-publish","format-standard","has-post-thumbnail","hentry","category-destacadas","category-local","tag-destacadas","tag-local"],"jetpack_featured_media_url":"https:\/\/rnoticias.com.mx\/Portal\/wp-content\/uploads\/2025\/03\/unnarrmed-19.jpg","amp_enabled":true,"_links":{"self":[{"href":"https:\/\/rnoticias.com.mx\/Portal\/wp-json\/wp\/v2\/posts\/211493","targetHints":{"allow":["GET"]}}],"collection":[{"href":"https:\/\/rnoticias.com.mx\/Portal\/wp-json\/wp\/v2\/posts"}],"about":[{"href":"https:\/\/rnoticias.com.mx\/Portal\/wp-json\/wp\/v2\/types\/post"}],"author":[{"embeddable":true,"href":"https:\/\/rnoticias.com.mx\/Portal\/wp-json\/wp\/v2\/users\/2"}],"replies":[{"embeddable":true,"href":"https:\/\/rnoticias.com.mx\/Portal\/wp-json\/wp\/v2\/comments?post=211493"}],"version-history":[{"count":1,"href":"https:\/\/rnoticias.com.mx\/Portal\/wp-json\/wp\/v2\/posts\/211493\/revisions"}],"predecessor-version":[{"id":211495,"href":"https:\/\/rnoticias.com.mx\/Portal\/wp-json\/wp\/v2\/posts\/211493\/revisions\/211495"}],"wp:featuredmedia":[{"embeddable":true,"href":"https:\/\/rnoticias.com.mx\/Portal\/wp-json\/wp\/v2\/media\/211494"}],"wp:attachment":[{"href":"https:\/\/rnoticias.com.mx\/Portal\/wp-json\/wp\/v2\/media?parent=211493"}],"wp:term":[{"taxonomy":"category","embeddable":true,"href":"https:\/\/rnoticias.com.mx\/Portal\/wp-json\/wp\/v2\/categories?post=211493"},{"taxonomy":"post_tag","embeddable":true,"href":"https:\/\/rnoticias.com.mx\/Portal\/wp-json\/wp\/v2\/tags?post=211493"}],"curies":[{"name":"wp","href":"https:\/\/api.w.org\/{rel}","templated":true}]}}