{"id":211487,"date":"2025-03-13T00:39:06","date_gmt":"2025-03-13T00:39:06","guid":{"rendered":"https:\/\/rnoticias.com.mx\/Portal\/?p=211487"},"modified":"2025-03-13T00:39:06","modified_gmt":"2025-03-13T00:39:06","slug":"anuncia-sec-sonora-modificacion-de-horario-de-clases-por-bajas-temperaturas","status":"publish","type":"post","link":"https:\/\/rnoticias.com.mx\/Portal\/2025\/03\/13\/anuncia-sec-sonora-modificacion-de-horario-de-clases-por-bajas-temperaturas\/","title":{"rendered":"Anuncia SEC Sonora modificaci\u00f3n de horario de clases por bajas temperaturas"},"content":{"rendered":"<p align=\"left\">Hermosillo, Sonora; 12 de marzo de 2025.- Para proteger la salud de la comunidad escolar, el 13 y 14 de marzo se modificar\u00e1 el horario de clases en 29 municipios de la entidad, ante los pron\u00f3sticos de bajas temperaturas, anunci\u00f3 Froyl\u00e1n G\u00e1mez Gamboa.<\/p>\n<p align=\"left\">\n<p align=\"left\">El titular de la Secretar\u00eda de Educaci\u00f3n y Cultura (SEC) precis\u00f3 que con base a las recomendaciones de la Coordinaci\u00f3n Estatal de Protecci\u00f3n Civil (CEPC), la entrada a clases ser\u00e1 una hora despu\u00e9s, en el turno matutino, en escuelas p\u00fablicas y particulares de nivel b\u00e1sico.<\/p>\n<p align=\"left\">\n<p align=\"left\">Especific\u00f3 que los municipios donde se aplicar\u00e1 dicha medida preventiva para proteger la salud de la comunidad escolar son: Altar, \u00c1til, Caborca, Oquitoa, Pitiquito, Puerto Pe\u00f1asco, San Luis R\u00edo Colorado, General Plutarco El\u00edas Calles, Trincheras, Arizpe, Bacoachi y Cananea.<\/p>\n<p align=\"left\">\n<p align=\"left\">Asimismo, en Cucurpe, \u00cdmuris, Magdalena, Naco, Nogales, Santa Cruz, S\u00e1ric, Tubutama, Agua Prieta, Bacad\u00e9huachi, Bacerac, Bavispe, Fronteras, Huachinera, N\u00e1cori Chico, Nacozari de Garc\u00eda y Villa Hidalgo.<\/p>\n<p align=\"left\">\n<p align=\"left\">G\u00e1mez Gamboa abund\u00f3 que, seg\u00fan datos proporcionados por la CEPC, la llegada de un frente fr\u00edo podr\u00eda generar ca\u00edda de aguanieve, descenso de temperaturas y probabilidad de lluvias en el noreste, norte y noroeste de la entidad.<\/p>\n<p align=\"left\">\n<p align=\"left\">El funcionario estatal exhort\u00f3 a la sociedad en general a permanecer atenta a cualquier aviso que emitan las autoridades correspondientes a trav\u00e9s de los medios oficiales de informaci\u00f3n. En el resto de la entidad las clases se llevar\u00e1n a cabo en el horario regular.<\/p>\n","protected":false},"excerpt":{"rendered":"<p>Hermosillo, Sonora; 12 de marzo de 2025.- Para proteger la salud de la comunidad escolar, el 13 y 14 de marzo se modificar\u00e1 el horario de clases en 29 municipios de la entidad, ante los pron\u00f3sticos de bajas temperaturas, anunci\u00f3 Froyl\u00e1n G\u00e1mez Gamboa. El titular de la Secretar\u00eda de Educaci\u00f3n y Cultura (SEC) precis\u00f3 que [&hellip;]<\/p>\n","protected":false},"author":2,"featured_media":211488,"comment_status":"closed","ping_status":"closed","sticky":false,"template":"","format":"standard","meta":{"footnotes":""},"categories":[12870,174],"tags":[12865,12873],"class_list":["post-211487","post","type-post","status-publish","format-standard","has-post-thumbnail","hentry","category-destacadas","category-estatal","tag-destacadas","tag-estatal"],"jetpack_featured_media_url":"https:\/\/rnoticias.com.mx\/Portal\/wp-content\/uploads\/2025\/03\/unnamed-19-4.jpg","amp_enabled":true,"_links":{"self":[{"href":"https:\/\/rnoticias.com.mx\/Portal\/wp-json\/wp\/v2\/posts\/211487","targetHints":{"allow":["GET"]}}],"collection":[{"href":"https:\/\/rnoticias.com.mx\/Portal\/wp-json\/wp\/v2\/posts"}],"about":[{"href":"https:\/\/rnoticias.com.mx\/Portal\/wp-json\/wp\/v2\/types\/post"}],"author":[{"embeddable":true,"href":"https:\/\/rnoticias.com.mx\/Portal\/wp-json\/wp\/v2\/users\/2"}],"replies":[{"embeddable":true,"href":"https:\/\/rnoticias.com.mx\/Portal\/wp-json\/wp\/v2\/comments?post=211487"}],"version-history":[{"count":1,"href":"https:\/\/rnoticias.com.mx\/Portal\/wp-json\/wp\/v2\/posts\/211487\/revisions"}],"predecessor-version":[{"id":211489,"href":"https:\/\/rnoticias.com.mx\/Portal\/wp-json\/wp\/v2\/posts\/211487\/revisions\/211489"}],"wp:featuredmedia":[{"embeddable":true,"href":"https:\/\/rnoticias.com.mx\/Portal\/wp-json\/wp\/v2\/media\/211488"}],"wp:attachment":[{"href":"https:\/\/rnoticias.com.mx\/Portal\/wp-json\/wp\/v2\/media?parent=211487"}],"wp:term":[{"taxonomy":"category","embeddable":true,"href":"https:\/\/rnoticias.com.mx\/Portal\/wp-json\/wp\/v2\/categories?post=211487"},{"taxonomy":"post_tag","embeddable":true,"href":"https:\/\/rnoticias.com.mx\/Portal\/wp-json\/wp\/v2\/tags?post=211487"}],"curies":[{"name":"wp","href":"https:\/\/api.w.org\/{rel}","templated":true}]}}