{"id":211478,"date":"2025-03-12T23:15:51","date_gmt":"2025-03-12T23:15:51","guid":{"rendered":"https:\/\/rnoticias.com.mx\/Portal\/?p=211478"},"modified":"2025-03-12T23:15:51","modified_gmt":"2025-03-12T23:15:51","slug":"anuncia-servicios-publicos-municipales-servicio-normal-de-recoleccion-de-basura-el-lunes-17-de-marzo","status":"publish","type":"post","link":"https:\/\/rnoticias.com.mx\/Portal\/2025\/03\/12\/anuncia-servicios-publicos-municipales-servicio-normal-de-recoleccion-de-basura-el-lunes-17-de-marzo\/","title":{"rendered":"Anuncia Servicios P\u00fablicos Municipales servicio normal de recolecci\u00f3n de basura el lunes 17 de marzo"},"content":{"rendered":"<p><b data-olk-copy-source=\"MessageBody\">Hermosillo, Sonora; 12 de marzo de 2025.-<\/b>\u00a0El pr\u00f3ximo lunes 17 de marzo el personal del \u00e1rea de recolecci\u00f3n de Servicios P\u00fablicos Municipales retirar\u00e1 de forma normal los desperdicios de las viviendas del sector centro, confirm\u00f3 Sergio Pavlovich Escalante, director de la dependencia.<\/p>\n<p aria-hidden=\"true\">\n<p>Este a\u00f1o, el 17 de marzo sustituye como d\u00eda inh\u00e1bil o de descanso obligado al viernes 21 de marzo, cuando se conmemora el nacimiento de Benito Ju\u00e1rez, nacido en dicha fecha en 1806.<\/p>\n<p>Adelant\u00f3 que el servicio de recolecci\u00f3n dom\u00e9stica se suspender\u00e1 en Hermosillo los d\u00edas jueves 17, viernes 18 y s\u00e1bado 19 de abril, por el asueto de Semana Santa a que tiene derecho el personal operativo.<\/p>\n<p aria-hidden=\"true\">\n<p>Invit\u00f3 a las y los residentes de las colonias donde toca recolecci\u00f3n dom\u00e9stica en dichas fechas a tomar las previsiones necesarias, ya sea mediante el resguardo de los desperdicios o bien traslad\u00e1ndolos a alguno de los 6 puntos fijos de recolecci\u00f3n que existen en la ciudad.<\/p>\n<p aria-hidden=\"true\">\n<p>Durante la semana mayor se suspender\u00e1 la recolecci\u00f3n dom\u00e9stica, pero habr\u00e1 operativo especial para el retiro de basura en las ramadas y lugares que concentran visitantes, como Bah\u00eda de Kino y el \u00e1rea rural oriente del municipio.<\/p>\n","protected":false},"excerpt":{"rendered":"<p>Hermosillo, Sonora; 12 de marzo de 2025.-\u00a0El pr\u00f3ximo lunes 17 de marzo el personal del \u00e1rea de recolecci\u00f3n de Servicios P\u00fablicos Municipales retirar\u00e1 de forma normal los desperdicios de las viviendas del sector centro, confirm\u00f3 Sergio Pavlovich Escalante, director de la dependencia. Este a\u00f1o, el 17 de marzo sustituye como d\u00eda inh\u00e1bil o de descanso [&hellip;]<\/p>\n","protected":false},"author":2,"featured_media":211479,"comment_status":"closed","ping_status":"closed","sticky":false,"template":"","format":"standard","meta":{"footnotes":""},"categories":[12870,178],"tags":[12865,12869],"class_list":["post-211478","post","type-post","status-publish","format-standard","has-post-thumbnail","hentry","category-destacadas","category-local","tag-destacadas","tag-local"],"jetpack_featured_media_url":"https:\/\/rnoticias.com.mx\/Portal\/wp-content\/uploads\/2025\/03\/2903-scaled.jpg","amp_enabled":true,"_links":{"self":[{"href":"https:\/\/rnoticias.com.mx\/Portal\/wp-json\/wp\/v2\/posts\/211478","targetHints":{"allow":["GET"]}}],"collection":[{"href":"https:\/\/rnoticias.com.mx\/Portal\/wp-json\/wp\/v2\/posts"}],"about":[{"href":"https:\/\/rnoticias.com.mx\/Portal\/wp-json\/wp\/v2\/types\/post"}],"author":[{"embeddable":true,"href":"https:\/\/rnoticias.com.mx\/Portal\/wp-json\/wp\/v2\/users\/2"}],"replies":[{"embeddable":true,"href":"https:\/\/rnoticias.com.mx\/Portal\/wp-json\/wp\/v2\/comments?post=211478"}],"version-history":[{"count":1,"href":"https:\/\/rnoticias.com.mx\/Portal\/wp-json\/wp\/v2\/posts\/211478\/revisions"}],"predecessor-version":[{"id":211480,"href":"https:\/\/rnoticias.com.mx\/Portal\/wp-json\/wp\/v2\/posts\/211478\/revisions\/211480"}],"wp:featuredmedia":[{"embeddable":true,"href":"https:\/\/rnoticias.com.mx\/Portal\/wp-json\/wp\/v2\/media\/211479"}],"wp:attachment":[{"href":"https:\/\/rnoticias.com.mx\/Portal\/wp-json\/wp\/v2\/media?parent=211478"}],"wp:term":[{"taxonomy":"category","embeddable":true,"href":"https:\/\/rnoticias.com.mx\/Portal\/wp-json\/wp\/v2\/categories?post=211478"},{"taxonomy":"post_tag","embeddable":true,"href":"https:\/\/rnoticias.com.mx\/Portal\/wp-json\/wp\/v2\/tags?post=211478"}],"curies":[{"name":"wp","href":"https:\/\/api.w.org\/{rel}","templated":true}]}}