{"id":211469,"date":"2025-03-12T23:00:02","date_gmt":"2025-03-12T23:00:02","guid":{"rendered":"https:\/\/rnoticias.com.mx\/Portal\/?p=211469"},"modified":"2025-03-12T23:00:02","modified_gmt":"2025-03-12T23:00:02","slug":"diputado-rene-garcia-rojo-busca-reducir-burocracia-en-adopciones-y-patria-potestad","status":"publish","type":"post","link":"https:\/\/rnoticias.com.mx\/Portal\/2025\/03\/12\/diputado-rene-garcia-rojo-busca-reducir-burocracia-en-adopciones-y-patria-potestad\/","title":{"rendered":"Diputado Ren\u00e9 Garc\u00eda Rojo busca reducir burocracia en adopciones y patria potestad"},"content":{"rendered":"<p>Hermosillo, Sonora; 12 de marzo de 2025.- Durante la sesi\u00f3n ordinaria de este martes, el diputado Ren\u00e9 Garc\u00eda Rojo, del Partido del Trabajo (PT), present\u00f3 una modificaci\u00f3n al C\u00f3digo de Familia con el objetivo de agilizar los procesos de adopci\u00f3n y la p\u00e9rdida de la patria potestad, evitando demoras por tr\u00e1mites burocr\u00e1ticos.<\/p>\n<p>El legislador por el doceavo distrito de Hermosillo indic\u00f3 que esta reforma fortalecer\u00e1 la supervisi\u00f3n y garantizar\u00e1 que cada ni\u00f1a, ni\u00f1o y adolescente tenga la oportunidad de crecer en un entorno familiar estable, amoroso y protector.<\/p>\n<p>Se\u00f1al\u00f3 que el C\u00f3digo de Familia vigente establece un plazo de 30 d\u00edas para que padres y madres manifiesten su oposici\u00f3n a la p\u00e9rdida de la patria potestad sobre ni\u00f1as y ni\u00f1os en instituciones p\u00fablicas. Sin embargo, coment\u00f3 que la comparecencia peri\u00f3dica de las y los progenitores puede generar retrasos en los procesos adoptivos.<\/p>\n<p>La propuesta de modificaci\u00f3n establece que se perder\u00e1 la patria potestad cuando, quien la ejerza, deje de convivir injustificadamente con el menor por m\u00e1s de 30 d\u00edas. Se considerar\u00e1 injustificada cuando la convivencia sea espor\u00e1dica o tenga como \u00fanica finalidad evitar la p\u00e9rdida de la patria potestad, sin representar una relaci\u00f3n efectiva, continua y estable con el o la menor.<\/p>\n<p>Adem\u00e1s, plantea que la patria potestad se perder\u00e1 en los siguientes casos: incumplimiento de la obligaci\u00f3n alimentaria por m\u00e1s de 90 d\u00edas sin causa justificada, abandono de los hijos por m\u00e1s de tres meses sin causa justificada, condena por un delito doloso cometido contra la persona o bienes de los hijos, y por delitos dolosos cuya pena privativa de libertad exceda los cinco a\u00f1os.<\/p>\n<p>Tambi\u00e9n se perder\u00e1 por el incumplimiento injustificado de las determinaciones judiciales que se hayan ordenado a quien ejerza la patria potestad; cuando el menor haya sido sustra\u00eddo o retenido il\u00edcitamente; cuando el que la ejerza sea condenado por sentencia firme por el delito de feminicidio cometido en contra de la madre de las ni\u00f1as, ni\u00f1os y adolescentes sujetos a la patria potestad; y en casos donde se configure violencia vicaria.<\/p>\n","protected":false},"excerpt":{"rendered":"<p>Hermosillo, Sonora; 12 de marzo de 2025.- Durante la sesi\u00f3n ordinaria de este martes, el diputado Ren\u00e9 Garc\u00eda Rojo, del Partido del Trabajo (PT), present\u00f3 una modificaci\u00f3n al C\u00f3digo de Familia con el objetivo de agilizar los procesos de adopci\u00f3n y la p\u00e9rdida de la patria potestad, evitando demoras por tr\u00e1mites burocr\u00e1ticos. El legislador por [&hellip;]<\/p>\n","protected":false},"author":2,"featured_media":211470,"comment_status":"closed","ping_status":"closed","sticky":false,"template":"","format":"standard","meta":{"footnotes":""},"categories":[12870,12868],"tags":[12877,12865],"class_list":["post-211469","post","type-post","status-publish","format-standard","has-post-thumbnail","hentry","category-destacadas","category-politica","tag-congreso-del-estado","tag-destacadas"],"jetpack_featured_media_url":"https:\/\/rnoticias.com.mx\/Portal\/wp-content\/uploads\/2025\/03\/d3f5fb39-cbc8-4ca6-a1bd-9d03f2ea993e.jpg","amp_enabled":true,"_links":{"self":[{"href":"https:\/\/rnoticias.com.mx\/Portal\/wp-json\/wp\/v2\/posts\/211469","targetHints":{"allow":["GET"]}}],"collection":[{"href":"https:\/\/rnoticias.com.mx\/Portal\/wp-json\/wp\/v2\/posts"}],"about":[{"href":"https:\/\/rnoticias.com.mx\/Portal\/wp-json\/wp\/v2\/types\/post"}],"author":[{"embeddable":true,"href":"https:\/\/rnoticias.com.mx\/Portal\/wp-json\/wp\/v2\/users\/2"}],"replies":[{"embeddable":true,"href":"https:\/\/rnoticias.com.mx\/Portal\/wp-json\/wp\/v2\/comments?post=211469"}],"version-history":[{"count":1,"href":"https:\/\/rnoticias.com.mx\/Portal\/wp-json\/wp\/v2\/posts\/211469\/revisions"}],"predecessor-version":[{"id":211471,"href":"https:\/\/rnoticias.com.mx\/Portal\/wp-json\/wp\/v2\/posts\/211469\/revisions\/211471"}],"wp:featuredmedia":[{"embeddable":true,"href":"https:\/\/rnoticias.com.mx\/Portal\/wp-json\/wp\/v2\/media\/211470"}],"wp:attachment":[{"href":"https:\/\/rnoticias.com.mx\/Portal\/wp-json\/wp\/v2\/media?parent=211469"}],"wp:term":[{"taxonomy":"category","embeddable":true,"href":"https:\/\/rnoticias.com.mx\/Portal\/wp-json\/wp\/v2\/categories?post=211469"},{"taxonomy":"post_tag","embeddable":true,"href":"https:\/\/rnoticias.com.mx\/Portal\/wp-json\/wp\/v2\/tags?post=211469"}],"curies":[{"name":"wp","href":"https:\/\/api.w.org\/{rel}","templated":true}]}}