{"id":211466,"date":"2025-03-12T22:59:03","date_gmt":"2025-03-12T22:59:03","guid":{"rendered":"https:\/\/rnoticias.com.mx\/Portal\/?p=211466"},"modified":"2025-03-12T22:59:03","modified_gmt":"2025-03-12T22:59:03","slug":"diputado-prospero-valenzuela-propone-armonizar-la-ley-en-materia-de-accidentes-viales","status":"publish","type":"post","link":"https:\/\/rnoticias.com.mx\/Portal\/2025\/03\/12\/diputado-prospero-valenzuela-propone-armonizar-la-ley-en-materia-de-accidentes-viales\/","title":{"rendered":"Diputado Pr\u00f3spero Valenzuela propone armonizar la ley en materia de accidentes viales."},"content":{"rendered":"<p>Hermosillo, Sonora; 12 de marzo de 2025.- Para garantizar la seguridad e integridad f\u00edsica y material de las personas que viven siniestros o accidentes de tr\u00e1nsito, el diputado del Grupo Parlamentario de Morena, Pr\u00f3spero Valenzuela M\u00fa\u00f1er, propuso actualizar la Ley de Tr\u00e1nsito del Estado de Sonora con la Ley de Movilidad y Seguridad Vial del Estado de Sonora.<\/p>\n<p>La iniciativa, que fue turnada a la Comisi\u00f3n de Movilidad y Seguridad Vial para su estudio, tiene como objetivo establecer como requisito para circulaci\u00f3n de veh\u00edculos contar con una P\u00f3liza de Seguro de Responsabilidad Civil por da\u00f1os a terceros.<\/p>\n<p>\u201cGarantizar la seguridad vial de las personas que habitan nuestra entidad nos lleva establecer disposiciones normativas y reglamentarias que permitan dar certeza a dichos derechos, ya sea en la prevenci\u00f3n o la certeza jur\u00eddica de las personas que representamos. Para tal efecto y atendiendo a los fines de la presente iniciativa, armonizando con las disposiciones normativas en la materia que permitan concretar esa certeza y garant\u00eda constitucional, para el caso espec\u00edfico, a trav\u00e9s un seguro de vida de gastos m\u00e9dicos y da\u00f1os contra terceros\u201d, resalt\u00f3.<\/p>\n<p>Detall\u00f3 que los veh\u00edculos motorizados son aquellos que trasladan pasajeros o carga, su tracci\u00f3n depende de un motor de combusti\u00f3n interna, el\u00e9ctrica o de cualquier otra tecnolog\u00eda que les permita generar una velocidad superior a los 25 kil\u00f3metros por hora.<\/p>\n<p>Mientras que los veh\u00edculos no motorizados aquellos de tracci\u00f3n animal y humana como bicicleta, monociclo, triciclo, cuatriciclo; as\u00ed como patines, patinetas y monopatines; incluye a aquellos asistidos por motor de baja potencia no susceptible de alcanzar velocidades mayores a 25 kil\u00f3metros por hora, y los que son utilizados por personas con discapacidad.<\/p>\n<p>Subray\u00f3 que los veh\u00edculos motorizados, que transiten por la v\u00eda p\u00fablica deber\u00e1n contar con una p\u00f3liza de seguro vigente que incluya responsabilidad civil por da\u00f1os a terceros, que cuente con la cobertura de da\u00f1os a personas y da\u00f1os materiales a terceros, que permita responder al pago de indemnizaci\u00f3n por los da\u00f1os ocasionados en cualquier siniestro o accidente de tr\u00e1nsito en donde resulte involucrado; la omisi\u00f3n de lo anterior ser\u00e1 objeto de multa en t\u00e9rminos de la normatividad correspondiente.<\/p>\n<p>El legislador morenista detall\u00f3 que el Centro de Control, Comando, Comunicaci\u00f3n, C\u00f3mputo, Coordinaci\u00f3n e Integraci\u00f3n del Estado de Sonora (C5) inform\u00f3 que, en Navojoa, desde 2020 ocurrieron cuatro mil 262 accidentes, con mil 773 lesionados, 96 muertos en \u00e1rea urbana y 56 muertos en \u00e1rea rural, con un promedio mensual de 130 accidentes, 54 lesionados, tres personas fallecidas en \u00e1rea urbana y dos difuntos en el \u00e1rea rural.<\/p>\n","protected":false},"excerpt":{"rendered":"<p>Hermosillo, Sonora; 12 de marzo de 2025.- Para garantizar la seguridad e integridad f\u00edsica y material de las personas que viven siniestros o accidentes de tr\u00e1nsito, el diputado del Grupo Parlamentario de Morena, Pr\u00f3spero Valenzuela M\u00fa\u00f1er, propuso actualizar la Ley de Tr\u00e1nsito del Estado de Sonora con la Ley de Movilidad y Seguridad Vial del [&hellip;]<\/p>\n","protected":false},"author":2,"featured_media":211467,"comment_status":"closed","ping_status":"closed","sticky":false,"template":"","format":"standard","meta":{"footnotes":""},"categories":[12870,12868],"tags":[12877,12865],"class_list":["post-211466","post","type-post","status-publish","format-standard","has-post-thumbnail","hentry","category-destacadas","category-politica","tag-congreso-del-estado","tag-destacadas"],"jetpack_featured_media_url":"https:\/\/rnoticias.com.mx\/Portal\/wp-content\/uploads\/2025\/03\/1c1430ad-d9d7-4879-946a-d62e19b0527c.jpg","amp_enabled":true,"_links":{"self":[{"href":"https:\/\/rnoticias.com.mx\/Portal\/wp-json\/wp\/v2\/posts\/211466","targetHints":{"allow":["GET"]}}],"collection":[{"href":"https:\/\/rnoticias.com.mx\/Portal\/wp-json\/wp\/v2\/posts"}],"about":[{"href":"https:\/\/rnoticias.com.mx\/Portal\/wp-json\/wp\/v2\/types\/post"}],"author":[{"embeddable":true,"href":"https:\/\/rnoticias.com.mx\/Portal\/wp-json\/wp\/v2\/users\/2"}],"replies":[{"embeddable":true,"href":"https:\/\/rnoticias.com.mx\/Portal\/wp-json\/wp\/v2\/comments?post=211466"}],"version-history":[{"count":1,"href":"https:\/\/rnoticias.com.mx\/Portal\/wp-json\/wp\/v2\/posts\/211466\/revisions"}],"predecessor-version":[{"id":211468,"href":"https:\/\/rnoticias.com.mx\/Portal\/wp-json\/wp\/v2\/posts\/211466\/revisions\/211468"}],"wp:featuredmedia":[{"embeddable":true,"href":"https:\/\/rnoticias.com.mx\/Portal\/wp-json\/wp\/v2\/media\/211467"}],"wp:attachment":[{"href":"https:\/\/rnoticias.com.mx\/Portal\/wp-json\/wp\/v2\/media?parent=211466"}],"wp:term":[{"taxonomy":"category","embeddable":true,"href":"https:\/\/rnoticias.com.mx\/Portal\/wp-json\/wp\/v2\/categories?post=211466"},{"taxonomy":"post_tag","embeddable":true,"href":"https:\/\/rnoticias.com.mx\/Portal\/wp-json\/wp\/v2\/tags?post=211466"}],"curies":[{"name":"wp","href":"https:\/\/api.w.org\/{rel}","templated":true}]}}