{"id":211463,"date":"2025-03-12T22:58:19","date_gmt":"2025-03-12T22:58:19","guid":{"rendered":"https:\/\/rnoticias.com.mx\/Portal\/?p=211463"},"modified":"2025-03-12T22:58:19","modified_gmt":"2025-03-12T22:58:19","slug":"diputada-claudia-bours-propone-la-perdida-de-la-patria-potestad-en-casos-de-violencia-vicaria","status":"publish","type":"post","link":"https:\/\/rnoticias.com.mx\/Portal\/2025\/03\/12\/diputada-claudia-bours-propone-la-perdida-de-la-patria-potestad-en-casos-de-violencia-vicaria\/","title":{"rendered":"Diputada Claudia Bours propone la p\u00e9rdida de la patria potestad en casos de violencia vicaria"},"content":{"rendered":"<p>Hermosillo, Sonora; 12 de marzo de 2025.- Con el prop\u00f3sito de ofrecer una protecci\u00f3n integral a las v\u00edctimas de violencia vicaria, la diputada Claudia Zulema Bours Corral, integrante del Grupo Parlamentario del Partido Verde Ecologista de M\u00e9xico, present\u00f3 una reforma al C\u00f3digo de Familia.<\/p>\n<p>Destac\u00f3 que esta reforma busca que, en casos de violencia vicaria, se retire la patria potestad a las y los agresores, buscando garantizar la seguridad y el bienestar de los menores afectados.<\/p>\n<p>En este sentido, la reforma busca cortar de ra\u00edz la posibilidad de que las personas agresoras contin\u00faen utilizando a los hijos para ejercer presi\u00f3n sobre la madre, lo que resulte en un da\u00f1o emocional y psicol\u00f3gico tanto para los ni\u00f1os como para la mujer que sufre la violencia.<\/p>\n<p>La diputada Bours Corral explic\u00f3 que esta propuesta consiste en una adici\u00f3n al art\u00edculo 338 del C\u00f3digo de Familia, y tiene como objetivo fundamental proteger la salud mental y emocional de las y los menores involucrados, as\u00ed como de quienes padecen este tipo de violencia.<\/p>\n<p>Al retirar la patria potestad a quienes cometan actos de violencia vicaria, se busca ofrecer que las personas menores de edad crezcan en un ambiente libre de manipulaci\u00f3n y abuso, y que, quienes las agreden, no tengan acceso a los recursos que permiten continuar con sus pr\u00e1cticas.<\/p>\n","protected":false},"excerpt":{"rendered":"<p>Hermosillo, Sonora; 12 de marzo de 2025.- Con el prop\u00f3sito de ofrecer una protecci\u00f3n integral a las v\u00edctimas de violencia vicaria, la diputada Claudia Zulema Bours Corral, integrante del Grupo Parlamentario del Partido Verde Ecologista de M\u00e9xico, present\u00f3 una reforma al C\u00f3digo de Familia. Destac\u00f3 que esta reforma busca que, en casos de violencia vicaria, [&hellip;]<\/p>\n","protected":false},"author":2,"featured_media":211464,"comment_status":"closed","ping_status":"closed","sticky":false,"template":"","format":"standard","meta":{"footnotes":""},"categories":[12870,12868],"tags":[12877,12865],"class_list":["post-211463","post","type-post","status-publish","format-standard","has-post-thumbnail","hentry","category-destacadas","category-politica","tag-congreso-del-estado","tag-destacadas"],"jetpack_featured_media_url":"https:\/\/rnoticias.com.mx\/Portal\/wp-content\/uploads\/2025\/03\/0c9bc499-0f64-41b5-b63f-3d902cebd53f.jpg","amp_enabled":true,"_links":{"self":[{"href":"https:\/\/rnoticias.com.mx\/Portal\/wp-json\/wp\/v2\/posts\/211463","targetHints":{"allow":["GET"]}}],"collection":[{"href":"https:\/\/rnoticias.com.mx\/Portal\/wp-json\/wp\/v2\/posts"}],"about":[{"href":"https:\/\/rnoticias.com.mx\/Portal\/wp-json\/wp\/v2\/types\/post"}],"author":[{"embeddable":true,"href":"https:\/\/rnoticias.com.mx\/Portal\/wp-json\/wp\/v2\/users\/2"}],"replies":[{"embeddable":true,"href":"https:\/\/rnoticias.com.mx\/Portal\/wp-json\/wp\/v2\/comments?post=211463"}],"version-history":[{"count":1,"href":"https:\/\/rnoticias.com.mx\/Portal\/wp-json\/wp\/v2\/posts\/211463\/revisions"}],"predecessor-version":[{"id":211465,"href":"https:\/\/rnoticias.com.mx\/Portal\/wp-json\/wp\/v2\/posts\/211463\/revisions\/211465"}],"wp:featuredmedia":[{"embeddable":true,"href":"https:\/\/rnoticias.com.mx\/Portal\/wp-json\/wp\/v2\/media\/211464"}],"wp:attachment":[{"href":"https:\/\/rnoticias.com.mx\/Portal\/wp-json\/wp\/v2\/media?parent=211463"}],"wp:term":[{"taxonomy":"category","embeddable":true,"href":"https:\/\/rnoticias.com.mx\/Portal\/wp-json\/wp\/v2\/categories?post=211463"},{"taxonomy":"post_tag","embeddable":true,"href":"https:\/\/rnoticias.com.mx\/Portal\/wp-json\/wp\/v2\/tags?post=211463"}],"curies":[{"name":"wp","href":"https:\/\/api.w.org\/{rel}","templated":true}]}}