{"id":211460,"date":"2025-03-12T22:57:07","date_gmt":"2025-03-12T22:57:07","guid":{"rendered":"https:\/\/rnoticias.com.mx\/Portal\/?p=211460"},"modified":"2025-03-12T22:57:07","modified_gmt":"2025-03-12T22:57:07","slug":"propone-movimiento-ciudadano-defender-los-derechos-de-las-personas-migrantes-en-sonora","status":"publish","type":"post","link":"https:\/\/rnoticias.com.mx\/Portal\/2025\/03\/12\/propone-movimiento-ciudadano-defender-los-derechos-de-las-personas-migrantes-en-sonora\/","title":{"rendered":"Propone Movimiento Ciudadano defender los derechos de las personas migrantes en Sonora"},"content":{"rendered":"<p>Hermosillo, Sonora &#8211; 12 de marzo del 2025. Con el objetivo de atender de manera integral el fen\u00f3meno migratorio en Sonora, los diputados de Movimiento Ciudadano, Manuel Scott y Gabriela F\u00e9lix, presentaron la Iniciativa de Ley para la Atenci\u00f3n y Protecci\u00f3n de los Derechos de las Personas Migrantes para el Estado de Sonora.<\/p>\n<p>Ante el aumento del 37% en las deportaciones de personas migrantes durante 2024, que alcanzaron un total de 65,240 personas en la entidad, esta propuesta busca garantizar la protecci\u00f3n y el acceso a derechos fundamentales para quienes se encuentran en situaci\u00f3n de movilidad.<\/p>\n<p>De estas deportaciones, Nogales concentr\u00f3 el 75% con 48,960 personas retornadas, seguido por San Luis R\u00edo Colorado con 13,501. Agua Prieta y Sonoyta tambi\u00e9n experimentaron incrementos significativos.<\/p>\n<p>La iniciativa contempla la creaci\u00f3n de un Consejo Estatal de Asuntos Migratorios para coordinar esfuerzos entre instituciones y sociedad civil, con acciones transversales para brindar una mejor atenci\u00f3n a las personas migrantes.<\/p>\n<p>Tambi\u00e9n propone la asignaci\u00f3n de recursos econ\u00f3micos a pol\u00edticas p\u00fablicas que atiendan la migraci\u00f3n en Sonora, e incentivos fiscales y administrativos para asociaciones civiles que brinden apoyo y servicios gratuitos a migrantes.<\/p>\n<p>Mediante un enfoque pro persona, priorizando el respeto a los derechos humanos de las personas migrantes en cada acci\u00f3n gubernamental.<\/p>\n<p>Adem\u00e1s, plantea el acceso universal a salud, educaci\u00f3n, recreaci\u00f3n e integridad para las personas migrantes que se encuentren en el estado.<\/p>\n<p>\u201cLa situaci\u00f3n migratoria en Sonora requiere una respuesta eficaz y humana. Con esta ley, se busca atender de manera estructural y con enfoque de derechos humanos a m\u00e1s de 65,240 personas deportadas que ingresan por el estado, garantizando su protecci\u00f3n y acceso a servicios esenciales. \u00a1Por un Sonora con leyes que est\u00e9n a la altura de sus necesidades!\u201d, concluy\u00f3 el diputado Manuel Scott.<\/p>\n","protected":false},"excerpt":{"rendered":"<p>Hermosillo, Sonora &#8211; 12 de marzo del 2025. Con el objetivo de atender de manera integral el fen\u00f3meno migratorio en Sonora, los diputados de Movimiento Ciudadano, Manuel Scott y Gabriela F\u00e9lix, presentaron la Iniciativa de Ley para la Atenci\u00f3n y Protecci\u00f3n de los Derechos de las Personas Migrantes para el Estado de Sonora. Ante el [&hellip;]<\/p>\n","protected":false},"author":2,"featured_media":211461,"comment_status":"closed","ping_status":"closed","sticky":false,"template":"","format":"standard","meta":{"footnotes":""},"categories":[12870,12868],"tags":[12877,12865],"class_list":["post-211460","post","type-post","status-publish","format-standard","has-post-thumbnail","hentry","category-destacadas","category-politica","tag-congreso-del-estado","tag-destacadas"],"jetpack_featured_media_url":"https:\/\/rnoticias.com.mx\/Portal\/wp-content\/uploads\/2025\/03\/13dd23ae-e195-4098-8d90-3c4dafd2b1a3-scaled.jpg","amp_enabled":true,"_links":{"self":[{"href":"https:\/\/rnoticias.com.mx\/Portal\/wp-json\/wp\/v2\/posts\/211460","targetHints":{"allow":["GET"]}}],"collection":[{"href":"https:\/\/rnoticias.com.mx\/Portal\/wp-json\/wp\/v2\/posts"}],"about":[{"href":"https:\/\/rnoticias.com.mx\/Portal\/wp-json\/wp\/v2\/types\/post"}],"author":[{"embeddable":true,"href":"https:\/\/rnoticias.com.mx\/Portal\/wp-json\/wp\/v2\/users\/2"}],"replies":[{"embeddable":true,"href":"https:\/\/rnoticias.com.mx\/Portal\/wp-json\/wp\/v2\/comments?post=211460"}],"version-history":[{"count":1,"href":"https:\/\/rnoticias.com.mx\/Portal\/wp-json\/wp\/v2\/posts\/211460\/revisions"}],"predecessor-version":[{"id":211462,"href":"https:\/\/rnoticias.com.mx\/Portal\/wp-json\/wp\/v2\/posts\/211460\/revisions\/211462"}],"wp:featuredmedia":[{"embeddable":true,"href":"https:\/\/rnoticias.com.mx\/Portal\/wp-json\/wp\/v2\/media\/211461"}],"wp:attachment":[{"href":"https:\/\/rnoticias.com.mx\/Portal\/wp-json\/wp\/v2\/media?parent=211460"}],"wp:term":[{"taxonomy":"category","embeddable":true,"href":"https:\/\/rnoticias.com.mx\/Portal\/wp-json\/wp\/v2\/categories?post=211460"},{"taxonomy":"post_tag","embeddable":true,"href":"https:\/\/rnoticias.com.mx\/Portal\/wp-json\/wp\/v2\/tags?post=211460"}],"curies":[{"name":"wp","href":"https:\/\/api.w.org\/{rel}","templated":true}]}}