{"id":211457,"date":"2025-03-12T22:55:45","date_gmt":"2025-03-12T22:55:45","guid":{"rendered":"https:\/\/rnoticias.com.mx\/Portal\/?p=211457"},"modified":"2025-03-12T22:55:45","modified_gmt":"2025-03-12T22:55:45","slug":"trabajar-de-la-mano-de-los-productores-de-sonora-es-nuestro-objetivo-diputado-tadeo-mendivil","status":"publish","type":"post","link":"https:\/\/rnoticias.com.mx\/Portal\/2025\/03\/12\/trabajar-de-la-mano-de-los-productores-de-sonora-es-nuestro-objetivo-diputado-tadeo-mendivil\/","title":{"rendered":"Trabajar de la mano de los productores de Sonora es nuestro objetivo: diputado Tadeo Mend\u00edvil"},"content":{"rendered":"<p>Hermosillo, Sonora; 12 de marzo de 2025.- Gracias a los est\u00e1ndares fitosanitarios de nuestro ganado y a la calidad de productos agr\u00edcolas que se producen en el campo sonorense, la entidad destaca en la exportaci\u00f3n hacia otros pa\u00edses, resalt\u00f3 el diputado Jes\u00fas Tadeo Mendiv\u00edl Valenzuela, al presentar un posicionamiento en relaci\u00f3n a la situaci\u00f3n actual del campo.<\/p>\n<p>El legislador morenista resalt\u00f3 que, a lo largo de la historia de Sonora, la agricultura y la ganader\u00eda han constituido dos actividades econ\u00f3micamente reconocidas a nivel nacional, a pesar de ser un territorio semides\u00e9rtico con climas muy extremos y de la escasez de agua por la falta de lluvia.<\/p>\n<p>Document\u00f3 que, de acuerdo con el reporte de exportaciones trimestrales por entidad federativa, elaborado por el Instituto Nacional de Estad\u00edstica y Geograf\u00eda (INEGI), en el segundo trimestre del a\u00f1o 2023, Sonora se ubic\u00f3 en el segundo lugar nacional como entidad con mayor exportaci\u00f3n agropecuaria. Sin embargo, en los \u00faltimos a\u00f1os, los productores agr\u00edcolas y ganaderos se han enfrentado a serias dificultades para desarrollar su actividad agropecuaria.<\/p>\n<p>Ante ello, reconoci\u00f3 la sensibilidad del Gobierno de Sonora en la b\u00fasqueda de gestiones para mitigar dicha problem\u00e1tica, como el bombardeo de nubes con yoduro de plata, en las zonas serranas, con una inversi\u00f3n de 20 millones de pesos.<\/p>\n<p>Resalt\u00f3 que, a principios del presente a\u00f1o, el gobernador Alfonso Durazo promovi\u00f3 el programa de reconversi\u00f3n de cultivos que busca impulsar mejores condiciones y oportunidades para construir un futuro agr\u00edcola sostenible.<\/p>\n<p>Mendiv\u00edl Valenzuela destac\u00f3 que para estimular el cultivo del c\u00e1rtamo, el gobierno federal y estatal otorgaron un apoyo de cinco mil pesos por hect\u00e1rea. En cuanto al sector ganadero, se realizaron las gestiones ante las autoridades del vecino pa\u00eds para la reanudaci\u00f3n de la exportaci\u00f3n de ganado, que en un principio se limit\u00f3 a 400 reses y que hoy en d\u00eda exporta 900 cabezas por el puerto fronterizo de Agua Prieta y 800 por el puerto fronterizo de Nogales.<\/p>\n<p>\u201cEs importante resaltar este tipo de acciones para que las y los sonorenses est\u00e9n informados del trabajo que desde la esfera federal y estatal se ha estado realizando en favor del desarrollo de actividades agropecuarias en Sonora, las cuales reflejan el grado de compromiso que tienen nuestros gobiernos de la Cuarta Transformaci\u00f3n\u201d, subray\u00f3 el legislador morenista.<\/p>\n","protected":false},"excerpt":{"rendered":"<p>Hermosillo, Sonora; 12 de marzo de 2025.- Gracias a los est\u00e1ndares fitosanitarios de nuestro ganado y a la calidad de productos agr\u00edcolas que se producen en el campo sonorense, la entidad destaca en la exportaci\u00f3n hacia otros pa\u00edses, resalt\u00f3 el diputado Jes\u00fas Tadeo Mendiv\u00edl Valenzuela, al presentar un posicionamiento en relaci\u00f3n a la situaci\u00f3n actual [&hellip;]<\/p>\n","protected":false},"author":2,"featured_media":211458,"comment_status":"closed","ping_status":"closed","sticky":false,"template":"","format":"standard","meta":{"footnotes":""},"categories":[12870,12868],"tags":[12877,12865],"class_list":["post-211457","post","type-post","status-publish","format-standard","has-post-thumbnail","hentry","category-destacadas","category-politica","tag-congreso-del-estado","tag-destacadas"],"jetpack_featured_media_url":"https:\/\/rnoticias.com.mx\/Portal\/wp-content\/uploads\/2025\/03\/e2bc4eb3-1692-4ac6-a529-d30ca89d85af.jpg","amp_enabled":true,"_links":{"self":[{"href":"https:\/\/rnoticias.com.mx\/Portal\/wp-json\/wp\/v2\/posts\/211457","targetHints":{"allow":["GET"]}}],"collection":[{"href":"https:\/\/rnoticias.com.mx\/Portal\/wp-json\/wp\/v2\/posts"}],"about":[{"href":"https:\/\/rnoticias.com.mx\/Portal\/wp-json\/wp\/v2\/types\/post"}],"author":[{"embeddable":true,"href":"https:\/\/rnoticias.com.mx\/Portal\/wp-json\/wp\/v2\/users\/2"}],"replies":[{"embeddable":true,"href":"https:\/\/rnoticias.com.mx\/Portal\/wp-json\/wp\/v2\/comments?post=211457"}],"version-history":[{"count":1,"href":"https:\/\/rnoticias.com.mx\/Portal\/wp-json\/wp\/v2\/posts\/211457\/revisions"}],"predecessor-version":[{"id":211459,"href":"https:\/\/rnoticias.com.mx\/Portal\/wp-json\/wp\/v2\/posts\/211457\/revisions\/211459"}],"wp:featuredmedia":[{"embeddable":true,"href":"https:\/\/rnoticias.com.mx\/Portal\/wp-json\/wp\/v2\/media\/211458"}],"wp:attachment":[{"href":"https:\/\/rnoticias.com.mx\/Portal\/wp-json\/wp\/v2\/media?parent=211457"}],"wp:term":[{"taxonomy":"category","embeddable":true,"href":"https:\/\/rnoticias.com.mx\/Portal\/wp-json\/wp\/v2\/categories?post=211457"},{"taxonomy":"post_tag","embeddable":true,"href":"https:\/\/rnoticias.com.mx\/Portal\/wp-json\/wp\/v2\/tags?post=211457"}],"curies":[{"name":"wp","href":"https:\/\/api.w.org\/{rel}","templated":true}]}}