{"id":211338,"date":"2025-03-11T21:59:30","date_gmt":"2025-03-11T21:59:30","guid":{"rendered":"https:\/\/rnoticias.com.mx\/Portal\/?p=211338"},"modified":"2025-03-11T21:59:30","modified_gmt":"2025-03-11T21:59:30","slug":"lleva-ine-la-democracia-hasta-la-puerta-de-personas-con-discapacidad-y-cuidadoras-primarias","status":"publish","type":"post","link":"https:\/\/rnoticias.com.mx\/Portal\/2025\/03\/11\/lleva-ine-la-democracia-hasta-la-puerta-de-personas-con-discapacidad-y-cuidadoras-primarias\/","title":{"rendered":"Lleva INE la democracia hasta la puerta de personas con discapacidad y cuidadoras primarias"},"content":{"rendered":"<p class=\"x_MsoNormal\"><span data-olk-copy-source=\"MessageBody\">Rosa Jazm\u00edn, de 35 a\u00f1os, vive con secuelas de ependimoma, situaci\u00f3n que le impide moverse de manera aut\u00f3noma. Ella y su mam\u00e1 -Irma, de 58 a\u00f1os- son originarias de Veracruz y, actualmente, viven en la Ciudad de M\u00e9xico, a donde se mudaron para que Rosa pudiera recibir la atenci\u00f3n m\u00e9dica que necesita.<\/span><\/p>\n<p class=\"x_MsoNormal\">Hace unos meses, Irma acudi\u00f3 al M\u00f3dulo de Atenci\u00f3n Ciudadana (MAC) del Instituto Nacional Electoral (INE) m\u00e1s cercano a su domicilio, ubicado en la Alcald\u00eda Tl\u00e1huac, para tramitar su Credencial para Votar (CPV) y la de su hija.<\/p>\n<p class=\"x_MsoNormal\">Luego de conocer la condici\u00f3n m\u00e9dica de Rosa, el personal del Instituto le indic\u00f3 a su madre -quien es su persona cuidadora- que acudir\u00eda a su domicilio para realizar el tr\u00e1mite, bajo el amparo del art\u00edculo 141 de la Ley General de Instituciones y Procedimientos Electorales (LGIPE), que permite a las personas con alguna discapacidad realizarlo sin tener que acudir a un m\u00f3dulo.<\/p>\n<p class=\"x_MsoNormal\">Despu\u00e9s de realizar el tr\u00e1mite de Rosa en su propia casa, personas funcionarias del INE acudieron para entregarle su credencial.<\/p>\n<p class=\"x_MsoNormal\">Con esto, qued\u00f3 registrada para recibir la visita del personal del Instituto -entre el 3 y el 9 de marzo- y ser invitada a votar de manera anticipada en el Proceso Electoral Extraordinario para la elecci\u00f3n de diversos cargos del Poder Judicial de la Federaci\u00f3n (PEEPJF) 2024-2025, del 12 al 21 de mayo de 2025.<\/p>\n<p class=\"x_MsoNormal\">Para Rosa es muy importante que las y los funcionarios electorales vayan a su domicilio para facilitarle la emisi\u00f3n de su voto porque, afirma, el Instituto \u201cest\u00e1 tomando a todas las personas en cuenta; ya quien no quiera emitir su voto, es porque no quiere, pero el INE est\u00e1 tomando en cuenta a todos, sin importar su condici\u00f3n\u201d.<\/p>\n<p class=\"x_MsoNormal\">Por su parte, Irma, quien por primera vez podr\u00e1 votar desde su domicilio por ser persona cuidadora, considera que el voto anticipado ser\u00e1 f\u00e1cil, ya que \u201cpasar\u00e1n personalmente conmigo, porque antes s\u00ed pod\u00eda -acudir a una casilla-, ahora no\u201d.<\/p>\n<p class=\"x_MsoNormal\"><b><i>Personal del INE visita en sus domicilios a personas con discapacidad y cuidadoras<\/i><\/b><\/p>\n<p class=\"x_MsoNormal\">Jacqueline Morales, quien es T\u00e9cnica de actualizaci\u00f3n cartogr\u00e1fica de la 09 Junta Distrital Ejecutiva (JDE) de la Ciudad de M\u00e9xico, llega al domicilio marcado en su ruta de visitas a personas con discapacidad que podr\u00e1n votar de manera anticipada.<\/p>\n<p class=\"x_MsoNormal\">La funcionaria lleva en una bit\u00e1cora las invitaciones para votar de manera anticipada y los formatos de Solicitud Individual de Inscripci\u00f3n a la Lista Nominal de Electores con Voto Anticipado (SIILNEVA), as\u00ed como de protesta de decir verdad. Los tres documentos son para personas que realizaron el tr\u00e1mite para obtener la CPV bajo el amparo del art\u00edculo 141 de la LGIPE y cuidadoras primarias.<\/p>\n<p class=\"x_MsoNormal\">En la entrada del domicilio, la mam\u00e1 de Rosa recibe a Jacqueline, quien le comenta que su visita es para invitarlas a participar en la jornada de voto anticipado del PEEPJF 2024-2025. Luego de escucharla, ingresan a su hogar.<\/p>\n<p class=\"x_MsoNormal\">Al entrar al cuarto de Rosa, quien se encuentra en una cama similar a las de los hospitales, la funcionaria le pregunta si est\u00e1 interesada en votar por personas juezas y magistradas, desde su domicilio. Ella responde que s\u00ed.<\/p>\n<p class=\"x_MsoNormal\">Entonces, Jaqueline llena la SIILNEVA y el formato de protesta de decir verdad de Rosa e Irma, quien tambi\u00e9n accedi\u00f3 a participar, para despu\u00e9s solicitarles que firmen los documentos y coloquen la huella dactilar de su dedo \u00edndice en el recuadro correspondiente.<\/p>\n<p class=\"x_MsoNormal\">Al finalizar el procedimiento, la funcionaria les explica que, en caso de proceder su solicitud, las volver\u00e1n a visitar del 12 al 21 de mayo, para que voten de manera anticipada en esta modalidad.<\/p>\n<p class=\"x_MsoNormal\">Rosa e Irma se despiden de la funcionaria del INE y le dicen que esperan poder votar desde su hogar. Jaqueline sube al auto en el que realiza las visitas, mientras comenta que ojal\u00e1 tenga \u201cotra visita exitosa\u201d.<\/p>\n","protected":false},"excerpt":{"rendered":"<p>Rosa Jazm\u00edn, de 35 a\u00f1os, vive con secuelas de ependimoma, situaci\u00f3n que le impide moverse de manera aut\u00f3noma. Ella y su mam\u00e1 -Irma, de 58 a\u00f1os- son originarias de Veracruz y, actualmente, viven en la Ciudad de M\u00e9xico, a donde se mudaron para que Rosa pudiera recibir la atenci\u00f3n m\u00e9dica que necesita. Hace unos meses, [&hellip;]<\/p>\n","protected":false},"author":2,"featured_media":211339,"comment_status":"closed","ping_status":"closed","sticky":false,"template":"","format":"standard","meta":{"footnotes":""},"categories":[172],"tags":[12874],"class_list":["post-211338","post","type-post","status-publish","format-standard","has-post-thumbnail","hentry","category-nacional","tag-nacional"],"jetpack_featured_media_url":"https:\/\/rnoticias.com.mx\/Portal\/wp-content\/uploads\/2025\/03\/FOTO-3.jpeg","amp_enabled":true,"_links":{"self":[{"href":"https:\/\/rnoticias.com.mx\/Portal\/wp-json\/wp\/v2\/posts\/211338","targetHints":{"allow":["GET"]}}],"collection":[{"href":"https:\/\/rnoticias.com.mx\/Portal\/wp-json\/wp\/v2\/posts"}],"about":[{"href":"https:\/\/rnoticias.com.mx\/Portal\/wp-json\/wp\/v2\/types\/post"}],"author":[{"embeddable":true,"href":"https:\/\/rnoticias.com.mx\/Portal\/wp-json\/wp\/v2\/users\/2"}],"replies":[{"embeddable":true,"href":"https:\/\/rnoticias.com.mx\/Portal\/wp-json\/wp\/v2\/comments?post=211338"}],"version-history":[{"count":1,"href":"https:\/\/rnoticias.com.mx\/Portal\/wp-json\/wp\/v2\/posts\/211338\/revisions"}],"predecessor-version":[{"id":211340,"href":"https:\/\/rnoticias.com.mx\/Portal\/wp-json\/wp\/v2\/posts\/211338\/revisions\/211340"}],"wp:featuredmedia":[{"embeddable":true,"href":"https:\/\/rnoticias.com.mx\/Portal\/wp-json\/wp\/v2\/media\/211339"}],"wp:attachment":[{"href":"https:\/\/rnoticias.com.mx\/Portal\/wp-json\/wp\/v2\/media?parent=211338"}],"wp:term":[{"taxonomy":"category","embeddable":true,"href":"https:\/\/rnoticias.com.mx\/Portal\/wp-json\/wp\/v2\/categories?post=211338"},{"taxonomy":"post_tag","embeddable":true,"href":"https:\/\/rnoticias.com.mx\/Portal\/wp-json\/wp\/v2\/tags?post=211338"}],"curies":[{"name":"wp","href":"https:\/\/api.w.org\/{rel}","templated":true}]}}