{"id":211098,"date":"2025-03-09T16:10:27","date_gmt":"2025-03-09T16:10:27","guid":{"rendered":"https:\/\/rnoticias.com.mx\/Portal\/?p=211098"},"modified":"2025-03-09T16:10:27","modified_gmt":"2025-03-09T16:10:27","slug":"angela-y-nodal-podrian-estar-viviendo-sus-primeros-problemas-como-matrimonio","status":"publish","type":"post","link":"https:\/\/rnoticias.com.mx\/Portal\/2025\/03\/09\/angela-y-nodal-podrian-estar-viviendo-sus-primeros-problemas-como-matrimonio\/","title":{"rendered":"\u00c1ngela y Nodal podr\u00edan estar viviendo sus primeros problemas como matrimonio"},"content":{"rendered":"<p>En el programa de YouTube &#8220;Dulce y Picosito&#8221;, que conduce Carlo Uriel,<mark><strong>\u00a0se dijo que la relaci\u00f3n entre \u00c1ngela Aguilar y Christian Nodal podr\u00eda no estar en su mejor momento.<\/strong><\/mark><\/p>\n<p><strong>De acuerdo con su informaci\u00f3n, han surgido desacuerdos en el aspecto profesional<\/strong>, principalmente por la intenci\u00f3n de Nodal de que su esposa se integre a su equipo de manejo art\u00edstico.<\/p>\n<p><strong>&#8220;Yo dije &#8216;van a durar menos de un amor&#8217;. Ya veremos si sigue o no sigue la relaci\u00f3n. S\u00ed, ha habido diferentes discusiones musicales&#8221;<\/strong>, mencion\u00f3 el conductor, insinuando que las diferencias podr\u00edan estar relacionadas con la forma en que ambos manejan sus carreras.<\/p>\n<p><mark><strong>Por su parte, la conductora Flor Rubio agreg\u00f3 que este conflicto estar\u00eda ligado a los equipos de trabajo de cada uno.<\/strong><\/mark><\/p>\n<p>Mientras que \u00c1ngela sigue bajo la representaci\u00f3n de la agencia de su familia, &#8220;Los Aguilar&#8221;, Christian Nodal recientemente anunci\u00f3 su regreso con Star Media Consulting,\u00a0<strong>un movimiento que ha generado especulaciones sobre un posible intento de influir en la carrera de su esposa.<\/strong><\/p>\n<p>La cantante, por su parte, no ha emitido declaraciones sobre el tema y ha mantenido un perfil bajo en redes,\u00a0<strong>lo que ha hecho que las especulaciones crezcan.\u00a0<\/strong><\/p>\n","protected":false},"excerpt":{"rendered":"<p>En el programa de YouTube &#8220;Dulce y Picosito&#8221;, que conduce Carlo Uriel,\u00a0se dijo que la relaci\u00f3n entre \u00c1ngela Aguilar y Christian Nodal podr\u00eda no estar en su mejor momento. De acuerdo con su informaci\u00f3n, han surgido desacuerdos en el aspecto profesional, principalmente por la intenci\u00f3n de Nodal de que su esposa se integre a su [&hellip;]<\/p>\n","protected":false},"author":2,"featured_media":211099,"comment_status":"closed","ping_status":"closed","sticky":false,"template":"","format":"standard","meta":{"footnotes":""},"categories":[12870,219],"tags":[12865,12875],"class_list":["post-211098","post","type-post","status-publish","format-standard","has-post-thumbnail","hentry","category-destacadas","category-espectaculos","tag-destacadas","tag-espectaculos"],"jetpack_featured_media_url":"https:\/\/rnoticias.com.mx\/Portal\/wp-content\/uploads\/2025\/03\/descarga-1.webp","amp_enabled":true,"_links":{"self":[{"href":"https:\/\/rnoticias.com.mx\/Portal\/wp-json\/wp\/v2\/posts\/211098","targetHints":{"allow":["GET"]}}],"collection":[{"href":"https:\/\/rnoticias.com.mx\/Portal\/wp-json\/wp\/v2\/posts"}],"about":[{"href":"https:\/\/rnoticias.com.mx\/Portal\/wp-json\/wp\/v2\/types\/post"}],"author":[{"embeddable":true,"href":"https:\/\/rnoticias.com.mx\/Portal\/wp-json\/wp\/v2\/users\/2"}],"replies":[{"embeddable":true,"href":"https:\/\/rnoticias.com.mx\/Portal\/wp-json\/wp\/v2\/comments?post=211098"}],"version-history":[{"count":1,"href":"https:\/\/rnoticias.com.mx\/Portal\/wp-json\/wp\/v2\/posts\/211098\/revisions"}],"predecessor-version":[{"id":211100,"href":"https:\/\/rnoticias.com.mx\/Portal\/wp-json\/wp\/v2\/posts\/211098\/revisions\/211100"}],"wp:featuredmedia":[{"embeddable":true,"href":"https:\/\/rnoticias.com.mx\/Portal\/wp-json\/wp\/v2\/media\/211099"}],"wp:attachment":[{"href":"https:\/\/rnoticias.com.mx\/Portal\/wp-json\/wp\/v2\/media?parent=211098"}],"wp:term":[{"taxonomy":"category","embeddable":true,"href":"https:\/\/rnoticias.com.mx\/Portal\/wp-json\/wp\/v2\/categories?post=211098"},{"taxonomy":"post_tag","embeddable":true,"href":"https:\/\/rnoticias.com.mx\/Portal\/wp-json\/wp\/v2\/tags?post=211098"}],"curies":[{"name":"wp","href":"https:\/\/api.w.org\/{rel}","templated":true}]}}