{"id":210926,"date":"2025-03-07T20:33:01","date_gmt":"2025-03-07T20:33:01","guid":{"rendered":"https:\/\/rnoticias.com.mx\/Portal\/?p=210926"},"modified":"2025-03-07T20:33:01","modified_gmt":"2025-03-07T20:33:01","slug":"el-menchito-es-sentenciado-a-cadena-perpetua-en-eu","status":"publish","type":"post","link":"https:\/\/rnoticias.com.mx\/Portal\/2025\/03\/07\/el-menchito-es-sentenciado-a-cadena-perpetua-en-eu\/","title":{"rendered":"\u201cEl Menchito\u201d es sentenciado a cadena perpetua en EU"},"content":{"rendered":"<p><strong><em>Rub\u00e9n Oseguera Gonz\u00e1lez,<\/em><\/strong>\u00a0alias \u201cEl Menchito\u201d, hijo del l\u00edder del C\u00e1rtel Jalisco Nueva Generaci\u00f3n (CJNG), uno de los m\u00e1s peligrosos de M\u00e9xico, fue sentenciado a cadena perpetua, m\u00e1s 30 a\u00f1os de prisi\u00f3n en Estados Unidos.<\/p>\n<p><strong><em>\u201cEl Menchito\u201d<\/em><\/strong>\u00a0fue condenando por la jueza Beryl Howell de la corte federal de distrito de Columbia, en Washington, por los delitos de conspiraci\u00f3n para distribuir drogas, uso y posesi\u00f3n de armas.<\/p>\n<p>La sentencia se da a conocer d\u00edas despu\u00e9s de que el presidente Donald Trump afirmara que lleg\u00f3 la hora de que\u00a0<strong><em>\u201cEstados Unidos libre una guerra contra los c\u00e1rteles\u201d\u00a0<\/em><\/strong>de la droga mexicanos, a los que acusa de amenazar \u201cla seguridad nacional\u201d del pa\u00eds.<\/p>\n<div id=\"eldia-603400143\" class=\"eldia-contenido eldia-target\" data-eldia-trackid=\"1573641\" data-eldia-trackbid=\"1\"><\/div>\n<p>La fiscal\u00eda estadounidense ped\u00eda que\u00a0<strong>\u201c<em>El Menchito\u201d<\/em>, de 35 a\u00f1os, sea condenado a dos cadenas perpetuas por los delitos de tr\u00e1fico de coca\u00edna y metanfetamina<\/strong>\u00a0y de uso y posesi\u00f3n de armas de fuego.<\/p>\n<p>Adem\u00e1s, solicitaba a la jueza Beryl Howell de la corte federal de distrito de Columbia, en Washington, que le imponga una multa de m\u00e1s de\u00a0<strong>12 mil millones de d\u00f3lares.<\/strong><\/p>\n<p>Los abogados del hijo de Nemesio Rub\u00e9n Oseguera, alias \u201cEl Mencho\u201d, pidieron la pena m\u00ednima obligatoria, que ser\u00eda de 40 a\u00f1os de prisi\u00f3n. Dicen que es\u00a0<strong><em>\u201ctanto un producto como una v\u00edctima\u201d del entorno violento en el que se crio, dominado por su padre quien, al parecer, lo meti\u00f3 en el negocio cuando era adolescente\u201d.<\/em><\/strong><\/p>\n<p>&nbsp;<\/p>\n<p>El Universal<\/p>\n","protected":false},"excerpt":{"rendered":"<p>Rub\u00e9n Oseguera Gonz\u00e1lez,\u00a0alias \u201cEl Menchito\u201d, hijo del l\u00edder del C\u00e1rtel Jalisco Nueva Generaci\u00f3n (CJNG), uno de los m\u00e1s peligrosos de M\u00e9xico, fue sentenciado a cadena perpetua, m\u00e1s 30 a\u00f1os de prisi\u00f3n en Estados Unidos. \u201cEl Menchito\u201d\u00a0fue condenando por la jueza Beryl Howell de la corte federal de distrito de Columbia, en Washington, por los delitos [&hellip;]<\/p>\n","protected":false},"author":2,"featured_media":210927,"comment_status":"closed","ping_status":"closed","sticky":false,"template":"","format":"standard","meta":{"footnotes":""},"categories":[12870,172],"tags":[12865,12874],"class_list":["post-210926","post","type-post","status-publish","format-standard","has-post-thumbnail","hentry","category-destacadas","category-nacional","tag-destacadas","tag-nacional"],"jetpack_featured_media_url":"https:\/\/rnoticias.com.mx\/Portal\/wp-content\/uploads\/2025\/03\/ImageTransformer.jpg","amp_enabled":true,"_links":{"self":[{"href":"https:\/\/rnoticias.com.mx\/Portal\/wp-json\/wp\/v2\/posts\/210926","targetHints":{"allow":["GET"]}}],"collection":[{"href":"https:\/\/rnoticias.com.mx\/Portal\/wp-json\/wp\/v2\/posts"}],"about":[{"href":"https:\/\/rnoticias.com.mx\/Portal\/wp-json\/wp\/v2\/types\/post"}],"author":[{"embeddable":true,"href":"https:\/\/rnoticias.com.mx\/Portal\/wp-json\/wp\/v2\/users\/2"}],"replies":[{"embeddable":true,"href":"https:\/\/rnoticias.com.mx\/Portal\/wp-json\/wp\/v2\/comments?post=210926"}],"version-history":[{"count":1,"href":"https:\/\/rnoticias.com.mx\/Portal\/wp-json\/wp\/v2\/posts\/210926\/revisions"}],"predecessor-version":[{"id":210928,"href":"https:\/\/rnoticias.com.mx\/Portal\/wp-json\/wp\/v2\/posts\/210926\/revisions\/210928"}],"wp:featuredmedia":[{"embeddable":true,"href":"https:\/\/rnoticias.com.mx\/Portal\/wp-json\/wp\/v2\/media\/210927"}],"wp:attachment":[{"href":"https:\/\/rnoticias.com.mx\/Portal\/wp-json\/wp\/v2\/media?parent=210926"}],"wp:term":[{"taxonomy":"category","embeddable":true,"href":"https:\/\/rnoticias.com.mx\/Portal\/wp-json\/wp\/v2\/categories?post=210926"},{"taxonomy":"post_tag","embeddable":true,"href":"https:\/\/rnoticias.com.mx\/Portal\/wp-json\/wp\/v2\/tags?post=210926"}],"curies":[{"name":"wp","href":"https:\/\/api.w.org\/{rel}","templated":true}]}}