{"id":210923,"date":"2025-03-07T19:17:23","date_gmt":"2025-03-07T19:17:23","guid":{"rendered":"https:\/\/rnoticias.com.mx\/Portal\/?p=210923"},"modified":"2025-03-07T19:17:23","modified_gmt":"2025-03-07T19:17:23","slug":"amplia-gobierno-de-sonora-oferta-educativa-en-instituciones-de-nivel-superior-utetchojoa","status":"publish","type":"post","link":"https:\/\/rnoticias.com.mx\/Portal\/2025\/03\/07\/amplia-gobierno-de-sonora-oferta-educativa-en-instituciones-de-nivel-superior-utetchojoa\/","title":{"rendered":"Ampl\u00eda Gobierno de Sonora oferta educativa en instituciones de nivel superior: UTEtchojoa"},"content":{"rendered":"<p align=\"left\">Etchojoa, Sonora; 7 de marzo de 2025.- Con la ampliaci\u00f3n de la oferta de estudios en instituciones de nivel superior, acorde a las necesidades de personas que estudian y trabajan, el Gobierno de Sonora avanza en su compromiso de innovar el sector educativo y generar mayores oportunidades, destac\u00f3 Jos\u00e9 F\u00e9lix G\u00f3mez Anduro al anunciar la nueva licenciatura en Contadur\u00eda en Modalidad Mixta.<\/p>\n<p align=\"left\">El rector de la Universidad Tecnol\u00f3gica de Etchojoa (UTE) destac\u00f3 que los interesados podr\u00e1n cursar la carrera a trav\u00e9s de la plataforma EdviUT, programa desarrollado a nivel nacional, y resalt\u00f3 que la instituci\u00f3n ser\u00e1 la primera UT de Sonora en implementar dicho sistema educativo.<\/p>\n<p align=\"left\">\u201cLa UTE utilizar\u00e1 el sistema de educaci\u00f3n mixta para el programa de Contadur\u00eda, como resultado de la colaboraci\u00f3n con la Universidad Tecnol\u00f3gica de Tula-Tepeji y su rectora, Irasema Linares Medina, quienes proporcionaron la herramienta digital para que el alumnado tenga la flexibilidad de adquirir sus conocimientos profesionales de manera virtual\u201d, manifest\u00f3.<\/p>\n<p align=\"left\">La modalidad mixta, detall\u00f3 G\u00f3mez Anduro, combina la ense\u00f1anza presencial con la educaci\u00f3n en l\u00ednea, ofreciendo a los estudiantes la flexibilidad de gestionar su tiempo de estudio de manera m\u00e1s eficiente, mediante el acceso a recursos digitales y actividades interactivas desde la comodidad de su hogar, aunado a la interacci\u00f3n directa con profesores y compa\u00f1eros en el aula.<\/p>\n<p align=\"left\">El rector de la UTE refrend\u00f3 el compromiso de proporcionar las herramientas tecnol\u00f3gicas y plataformas de aprendizaje que faciliten el acceso a la informaci\u00f3n y fomenten un ambiente colaborativo, as\u00ed como responder a la demanda creciente de profesionales en el \u00e1rea contable, posicionando a la instituci\u00f3n como un referente de innovaci\u00f3n educativa en la regi\u00f3n.<\/p>\n","protected":false},"excerpt":{"rendered":"<p>Etchojoa, Sonora; 7 de marzo de 2025.- Con la ampliaci\u00f3n de la oferta de estudios en instituciones de nivel superior, acorde a las necesidades de personas que estudian y trabajan, el Gobierno de Sonora avanza en su compromiso de innovar el sector educativo y generar mayores oportunidades, destac\u00f3 Jos\u00e9 F\u00e9lix G\u00f3mez Anduro al anunciar la [&hellip;]<\/p>\n","protected":false},"author":2,"featured_media":210924,"comment_status":"closed","ping_status":"closed","sticky":false,"template":"","format":"standard","meta":{"footnotes":""},"categories":[12870,174],"tags":[12865,12873],"class_list":["post-210923","post","type-post","status-publish","format-standard","has-post-thumbnail","hentry","category-destacadas","category-estatal","tag-destacadas","tag-estatal"],"jetpack_featured_media_url":"https:\/\/rnoticias.com.mx\/Portal\/wp-content\/uploads\/2025\/03\/unnamed-2-7.jpg","amp_enabled":true,"_links":{"self":[{"href":"https:\/\/rnoticias.com.mx\/Portal\/wp-json\/wp\/v2\/posts\/210923","targetHints":{"allow":["GET"]}}],"collection":[{"href":"https:\/\/rnoticias.com.mx\/Portal\/wp-json\/wp\/v2\/posts"}],"about":[{"href":"https:\/\/rnoticias.com.mx\/Portal\/wp-json\/wp\/v2\/types\/post"}],"author":[{"embeddable":true,"href":"https:\/\/rnoticias.com.mx\/Portal\/wp-json\/wp\/v2\/users\/2"}],"replies":[{"embeddable":true,"href":"https:\/\/rnoticias.com.mx\/Portal\/wp-json\/wp\/v2\/comments?post=210923"}],"version-history":[{"count":1,"href":"https:\/\/rnoticias.com.mx\/Portal\/wp-json\/wp\/v2\/posts\/210923\/revisions"}],"predecessor-version":[{"id":210925,"href":"https:\/\/rnoticias.com.mx\/Portal\/wp-json\/wp\/v2\/posts\/210923\/revisions\/210925"}],"wp:featuredmedia":[{"embeddable":true,"href":"https:\/\/rnoticias.com.mx\/Portal\/wp-json\/wp\/v2\/media\/210924"}],"wp:attachment":[{"href":"https:\/\/rnoticias.com.mx\/Portal\/wp-json\/wp\/v2\/media?parent=210923"}],"wp:term":[{"taxonomy":"category","embeddable":true,"href":"https:\/\/rnoticias.com.mx\/Portal\/wp-json\/wp\/v2\/categories?post=210923"},{"taxonomy":"post_tag","embeddable":true,"href":"https:\/\/rnoticias.com.mx\/Portal\/wp-json\/wp\/v2\/tags?post=210923"}],"curies":[{"name":"wp","href":"https:\/\/api.w.org\/{rel}","templated":true}]}}