{"id":210873,"date":"2025-03-07T00:50:45","date_gmt":"2025-03-07T00:50:45","guid":{"rendered":"https:\/\/rnoticias.com.mx\/Portal\/?p=210873"},"modified":"2025-03-07T00:50:45","modified_gmt":"2025-03-07T00:50:45","slug":"ben-affleck-podria-querer-otra-oportunidad-con-su-ex-jennifer-garner","status":"publish","type":"post","link":"https:\/\/rnoticias.com.mx\/Portal\/2025\/03\/07\/ben-affleck-podria-querer-otra-oportunidad-con-su-ex-jennifer-garner\/","title":{"rendered":"Ben Affleck podr\u00eda querer otra oportunidad con su ex Jennifer Garner"},"content":{"rendered":"<p>Los rumores sobre una posible reconciliaci\u00f3n entre Ben Affleck y Jennifer Garner han vuelto a circular, pero todo indica que\u00a0<strong>el inter\u00e9s no es rec\u00edproco.<\/strong>\u00a0Seg\u00fan fuentes consultadas por Page Six, el actor estar\u00eda dispuesto a\u00a0<mark>reavivar su relaci\u00f3n con la int\u00e9rprete, aunque ella no comparte la misma intenci\u00f3n.<\/mark><\/p>\n<p><i>&#8220;El sentimiento no es mutuo por parte de Jen. Ella est\u00e1 feliz con John [Miller] y simplemente no est\u00e1 en esa sinton\u00eda. Tiene una gran relaci\u00f3n de crianza compartida con Ben, y eso es todo para ella en este momento&#8221;,<\/i>\u00a0declar\u00f3 un informante al medio.<\/p>\n<p>No obstante, otra fuente revel\u00f3 que Affleck\u00a0<i>&#8220;desear\u00eda otra oportunidad&#8221;<\/i>\u00a0con su ex esposa y\u00a0<i><strong>&#8220;definitivamente estar\u00eda dispuesto a intentarlo si el momento fuera el adecuado&#8221;.\u00a0<\/strong><\/i>A pesar de ello, reconoci\u00f3 que el actor es consciente de que\u00a0<i>&#8220;no es realista en este punto de sus vidas&#8221;.<\/i><\/p>\n<p>La misma fuente agreg\u00f3 que la estrella de The Batman, quien recientemente termin\u00f3 su matrimonio con Jennifer Lopez, est\u00e1 enfocada en su carrera y en esta nueva etapa de su vida. Adem\u00e1s, asegur\u00f3 que Affleck\u00a0<i><mark>&#8220;respeta la relaci\u00f3n de Jen con John y nunca intentar\u00eda interponerse entre ellos&#8221;.<\/mark><\/i><\/p>\n<p><strong>Jennifer Garner y John Miller han mantenido una relaci\u00f3n desde 2018,\u00a0<\/strong>el mismo a\u00f1o en que la actriz finaliz\u00f3 oficialmente su divorcio de Affleck tras separarse en 2015. Mientras tanto, alguien cercano a Miller coment\u00f3 que,\u00a0<strong>aunque \u00e9l no se siente amenazado por la cercan\u00eda entre Garner y su ex esposo, &#8220;es dif\u00edcil no sentir celos cuando es evidente que tienen un fuerte v\u00ednculo y una gran amistad&#8221;.<\/strong><\/p>\n<p>Por el momento, la posibilidad de que Affleck y Garner retomen su romance parece remota. Sin embargo, ambos han logrado construir una convivencia armoniosa por el bienestar de sus hijos,<mark>\u00a0Violet (19), Seraphina (16) y Samuel (13).<\/mark><\/p>\n<p>De hecho, recientemente fueron captados compartiendo un momento de risas mientras celebraban el cumplea\u00f1os n\u00famero 13 de su hijo Samuel.\u00a0<strong>Los ex protagonistas de Daredevil se mostraron relajados y disfrutando la ocasi\u00f3n durante una actividad de paintball en Los \u00c1ngeles.<\/strong><\/p>\n<h2>Ben Affleck y Jennifer Garner fortalecen su v\u00ednculo tras el divorcio<\/h2>\n<p>Desde su separaci\u00f3n, Ben Affleck y Jennifer Garner han pasado m\u00e1s tiempo juntos, seg\u00fan inform\u00f3 una fuente a Page Six. El actor de Justice League y la protagonista de Si tuviera 30, quienes estuvieron casados durante una d\u00e9cada (2005-2015),\u00a0<strong>han fortalecido su relaci\u00f3n tras el divorcio.<\/strong><\/p>\n<p>El acercamiento entre ambos se ha visto impulsado, en parte, por<mark>\u00a0la reciente ruptura del actor con Jennifer Lopez y los incendios ocurridos en Los \u00c1ngeles.<\/mark>\u00a0Estos acontecimientos han propiciado que Affleck y Garner &#8220;se apoyen mutuamente m\u00e1s que nunca&#8221;, revel\u00f3 la fuente.<\/p>\n<p>Asimismo,\u00a0<strong>la prioridad de ambos sigue siendo la crianza de sus hijos.<\/strong>\u00a0Aunque en un principio su relaci\u00f3n fue complicada despu\u00e9s del divorcio, con el tiempo lograron construir una s\u00f3lida amistad y comparten puntos de vista similares en varios aspectos.\u00a0<i><mark>&#8220;Es normal que las cosas fueran dif\u00edciles al principio, pero han logrado establecer una amistad firme y est\u00e1n en la misma p\u00e1gina en muchos aspectos&#8221;,\u00a0<\/mark><\/i>explic\u00f3 el informante.<\/p>\n<p>La buena relaci\u00f3n entre los actores tambi\u00e9n se ha reflejado en momentos familiares importantes. En la \u00faltima Navidad,\u00a0<strong>Garner invit\u00f3 a su ex esposo a celebrar junto a sus hijos.<\/strong>\u00a0Adem\u00e1s, en Acci\u00f3n de Gracias, ambos participaron en un evento ben\u00e9fico en Los \u00c1ngeles, donde colaboraron en\u00a0<strong>la alimentaci\u00f3n de dos mil personas en situaci\u00f3n vulnerable antes de compartir la cena en familia.<\/strong><\/p>\n<p><i><mark>&#8220;Los hijos de Ben y Jen disfrutan mucho pasar las festividades juntos. Forman una unidad familiar muy unida&#8221;,<\/mark><\/i>\u00a0destac\u00f3 la fuente.<\/p>\n","protected":false},"excerpt":{"rendered":"<p>Los rumores sobre una posible reconciliaci\u00f3n entre Ben Affleck y Jennifer Garner han vuelto a circular, pero todo indica que\u00a0el inter\u00e9s no es rec\u00edproco.\u00a0Seg\u00fan fuentes consultadas por Page Six, el actor estar\u00eda dispuesto a\u00a0reavivar su relaci\u00f3n con la int\u00e9rprete, aunque ella no comparte la misma intenci\u00f3n. &#8220;El sentimiento no es mutuo por parte de Jen. [&hellip;]<\/p>\n","protected":false},"author":2,"featured_media":210874,"comment_status":"closed","ping_status":"closed","sticky":false,"template":"","format":"standard","meta":{"footnotes":""},"categories":[12870,219],"tags":[12865,12875],"class_list":["post-210873","post","type-post","status-publish","format-standard","has-post-thumbnail","hentry","category-destacadas","category-espectaculos","tag-destacadas","tag-espectaculos"],"jetpack_featured_media_url":"https:\/\/rnoticias.com.mx\/Portal\/wp-content\/uploads\/2025\/03\/descarga-4.jpg","amp_enabled":true,"_links":{"self":[{"href":"https:\/\/rnoticias.com.mx\/Portal\/wp-json\/wp\/v2\/posts\/210873","targetHints":{"allow":["GET"]}}],"collection":[{"href":"https:\/\/rnoticias.com.mx\/Portal\/wp-json\/wp\/v2\/posts"}],"about":[{"href":"https:\/\/rnoticias.com.mx\/Portal\/wp-json\/wp\/v2\/types\/post"}],"author":[{"embeddable":true,"href":"https:\/\/rnoticias.com.mx\/Portal\/wp-json\/wp\/v2\/users\/2"}],"replies":[{"embeddable":true,"href":"https:\/\/rnoticias.com.mx\/Portal\/wp-json\/wp\/v2\/comments?post=210873"}],"version-history":[{"count":1,"href":"https:\/\/rnoticias.com.mx\/Portal\/wp-json\/wp\/v2\/posts\/210873\/revisions"}],"predecessor-version":[{"id":210875,"href":"https:\/\/rnoticias.com.mx\/Portal\/wp-json\/wp\/v2\/posts\/210873\/revisions\/210875"}],"wp:featuredmedia":[{"embeddable":true,"href":"https:\/\/rnoticias.com.mx\/Portal\/wp-json\/wp\/v2\/media\/210874"}],"wp:attachment":[{"href":"https:\/\/rnoticias.com.mx\/Portal\/wp-json\/wp\/v2\/media?parent=210873"}],"wp:term":[{"taxonomy":"category","embeddable":true,"href":"https:\/\/rnoticias.com.mx\/Portal\/wp-json\/wp\/v2\/categories?post=210873"},{"taxonomy":"post_tag","embeddable":true,"href":"https:\/\/rnoticias.com.mx\/Portal\/wp-json\/wp\/v2\/tags?post=210873"}],"curies":[{"name":"wp","href":"https:\/\/api.w.org\/{rel}","templated":true}]}}