{"id":210627,"date":"2025-03-05T19:26:37","date_gmt":"2025-03-05T19:26:37","guid":{"rendered":"https:\/\/rnoticias.com.mx\/Portal\/?p=210627"},"modified":"2025-03-05T19:26:37","modified_gmt":"2025-03-05T19:26:37","slug":"mexico-en-un-momento-muy-definitivo-tras-aranceles-sheinbaum","status":"publish","type":"post","link":"https:\/\/rnoticias.com.mx\/Portal\/2025\/03\/05\/mexico-en-un-momento-muy-definitivo-tras-aranceles-sheinbaum\/","title":{"rendered":"M\u00e9xico, &#8220;en un momento muy definitivo&#8221; tras aranceles: Sheinbaum"},"content":{"rendered":"<p>Este mi\u00e9rcoles 5 de marzo, la Presidenta\u00a0<a href=\"https:\/\/www.informador.mx\/claudia-sheinbaum-t10826\" target=\"_blank\" rel=\"noopener\"><strong>Claudia Sheinbaum<\/strong><\/a>\u00a0afirm\u00f3 que M\u00e9xico se encuentra en &#8220;un momento muy definitivo&#8221; tras el anuncio de los aranceles del 25% a los productos mexicanos impuestos por Estados Unidos, e insisti\u00f3 en que podr\u00eda\u00a0<strong>&#8220;buscar&#8221; otros socios comerciales<\/strong>\u00a0como Canad\u00e1 de mantenerse los grav\u00e1menes.<\/p>\n<p><mark><strong>&#8220;Lo que s\u00ed puedo decirles es que es un momento muy definitivo para M\u00e9xico, dependiendo de lo que pase estos d\u00edas hasta el domingo&#8221;,<\/strong><\/mark>\u00a0se\u00f1al\u00f3 la Mandataria en &#8220;La Ma\u00f1anera del Pueblo&#8221; en Palacio Nacional.<\/p>\n<p>Sheinbaum sostuvo que no habr\u00e1 &#8220;sumisi\u00f3n&#8221; desde M\u00e9xico, y afirm\u00f3 que\u00a0<strong>la &#8220;econom\u00eda est\u00e1 bien&#8221;.<\/strong><\/p>\n<p>&#8220;Y s\u00ed, de seguir las circunstancias, vamos a buscar a Canad\u00e1 y a otros pa\u00edses&#8221;, asegur\u00f3 la Mandataria mexicana.<\/p>\n<p>No obstante, la Presidenta Sheinbaum se\u00f1al\u00f3 que primero esperar\u00e1 la llamada de ma\u00f1ana jueves con el mandatario de Estados Unidos, Donald Trump, con la expectativa de que se suspendan los\u00a0<a href=\"https:\/\/www.informador.mx\/aranceles-t7270\" target=\"_blank\" rel=\"noopener\"><strong>aranceles<\/strong><\/a>\u00a0de aqu\u00ed al domingo, cuando convoc\u00f3 a los mexicanos al Z\u00f3calo de la Ciudad de M\u00e9xico, la mayor plaza p\u00fablica del pa\u00eds, para dar a conocer el plan que han dise\u00f1ado de respuesta comercial a Estados Unidos<\/p>\n<p>Sheinbaum se\u00f1al\u00f3 que la llamada con Trump tentativamente se realizar\u00e1 el jueves por la ma\u00f1ana, aunque a\u00fan est\u00e1 defini\u00e9ndose, donde buscar\u00e1 negociar el fin de los grav\u00e1menes impuestos el martes por Washington.<\/p>\n<p><mark><strong>&#8220;Si permanecen (los aranceles) nosotros tambi\u00e9n tenemos que tomar decisiones, y son decisiones importantes para el futuro del pa\u00eds.<\/strong><\/mark>\u00a0Son sustantivas, porque nosotros tenemos que defender la soberan\u00eda, la independencia de M\u00e9xico&#8221;, dijo la Presidenta en el Sal\u00f3n de Tesorer\u00eda.<\/p>\n<p>&#8220;Si es necesario, se van a buscar otros socios comerciales, en el marco de la soberan\u00eda y la dignidad&#8221;, agreg\u00f3.<\/p>\n","protected":false},"excerpt":{"rendered":"<p>Este mi\u00e9rcoles 5 de marzo, la Presidenta\u00a0Claudia Sheinbaum\u00a0afirm\u00f3 que M\u00e9xico se encuentra en &#8220;un momento muy definitivo&#8221; tras el anuncio de los aranceles del 25% a los productos mexicanos impuestos por Estados Unidos, e insisti\u00f3 en que podr\u00eda\u00a0&#8220;buscar&#8221; otros socios comerciales\u00a0como Canad\u00e1 de mantenerse los grav\u00e1menes. &#8220;Lo que s\u00ed puedo decirles es que es un [&hellip;]<\/p>\n","protected":false},"author":2,"featured_media":210628,"comment_status":"closed","ping_status":"closed","sticky":false,"template":"","format":"standard","meta":{"footnotes":""},"categories":[12870,172],"tags":[12865,12874],"class_list":["post-210627","post","type-post","status-publish","format-standard","has-post-thumbnail","hentry","category-destacadas","category-nacional","tag-destacadas","tag-nacional"],"jetpack_featured_media_url":"https:\/\/rnoticias.com.mx\/Portal\/wp-content\/uploads\/2025\/03\/w1280-p16x9-2024-11-06T141321Z_1717085749_RC2IZAA5N2AI_RTRMADP_3_USA-ELECTION-MEXICO-REACTION.jpg","amp_enabled":true,"_links":{"self":[{"href":"https:\/\/rnoticias.com.mx\/Portal\/wp-json\/wp\/v2\/posts\/210627","targetHints":{"allow":["GET"]}}],"collection":[{"href":"https:\/\/rnoticias.com.mx\/Portal\/wp-json\/wp\/v2\/posts"}],"about":[{"href":"https:\/\/rnoticias.com.mx\/Portal\/wp-json\/wp\/v2\/types\/post"}],"author":[{"embeddable":true,"href":"https:\/\/rnoticias.com.mx\/Portal\/wp-json\/wp\/v2\/users\/2"}],"replies":[{"embeddable":true,"href":"https:\/\/rnoticias.com.mx\/Portal\/wp-json\/wp\/v2\/comments?post=210627"}],"version-history":[{"count":1,"href":"https:\/\/rnoticias.com.mx\/Portal\/wp-json\/wp\/v2\/posts\/210627\/revisions"}],"predecessor-version":[{"id":210629,"href":"https:\/\/rnoticias.com.mx\/Portal\/wp-json\/wp\/v2\/posts\/210627\/revisions\/210629"}],"wp:featuredmedia":[{"embeddable":true,"href":"https:\/\/rnoticias.com.mx\/Portal\/wp-json\/wp\/v2\/media\/210628"}],"wp:attachment":[{"href":"https:\/\/rnoticias.com.mx\/Portal\/wp-json\/wp\/v2\/media?parent=210627"}],"wp:term":[{"taxonomy":"category","embeddable":true,"href":"https:\/\/rnoticias.com.mx\/Portal\/wp-json\/wp\/v2\/categories?post=210627"},{"taxonomy":"post_tag","embeddable":true,"href":"https:\/\/rnoticias.com.mx\/Portal\/wp-json\/wp\/v2\/tags?post=210627"}],"curies":[{"name":"wp","href":"https:\/\/api.w.org\/{rel}","templated":true}]}}