{"id":210497,"date":"2025-03-04T15:49:53","date_gmt":"2025-03-04T15:49:53","guid":{"rendered":"https:\/\/rnoticias.com.mx\/Portal\/?p=210497"},"modified":"2025-03-04T15:49:53","modified_gmt":"2025-03-04T15:49:53","slug":"claudia-sheinbaum-responde-con-aranceles-a-donald-trump","status":"publish","type":"post","link":"https:\/\/rnoticias.com.mx\/Portal\/2025\/03\/04\/claudia-sheinbaum-responde-con-aranceles-a-donald-trump\/","title":{"rendered":"Claudia Sheinbaum responde con aranceles a Donald Trump"},"content":{"rendered":"<p>Este martes 4 de marzo, la Presidenta de M\u00e9xico,\u00a0<a href=\"https:\/\/www.informador.mx\/claudia-sheinbaum-t10826\" target=\"_blank\" rel=\"noopener\"><strong>Claudia Sheinbaum<\/strong><\/a>, respondi\u00f3 a la decisi\u00f3n de que entren en vigor los\u00a0<mark><strong>aranceles del 25% que el mandatario de Estados Unidos anunci\u00f3 para M\u00e9xico, Canad\u00e1,<\/strong><\/mark>\u00a0adem\u00e1s de otros para China, a partir de hoy, a los productos procedentes de esos pa\u00edses.<\/p>\n<p>Sheinbaum respondi\u00f3 a la medida con la aplicaci\u00f3n de\u00a0<a href=\"https:\/\/www.informador.mx\/aranceles-t7270\" target=\"_blank\" rel=\"noopener\"><strong>aranceles<\/strong><\/a>\u00a0para Estados Unidos, adem\u00e1s de medidas no arancelarias, en represalia a las tarifas, aunque inform\u00f3 que dar\u00e1 a conocer los detalles el domingo 9 de marzo en &#8220;plaza p\u00fablica&#8221;.<\/p>\n<p>En &#8220;La Ma\u00f1anera del Pueblo&#8221; en Palacio Nacional este martes, la Mandataria convoc\u00f3 a los mexicanos una asamblea en el Z\u00f3calo de la Ciudad de M\u00e9xico.<\/p>\n<p><mark><strong>&#8220;Hemos decidido responder con medidas arancelarias y no arancelarias que anunciar\u00e9 en plaza p\u00fablica el pr\u00f3ximo domingo<\/strong><\/mark>. No es, de ninguna manera, el prop\u00f3sito iniciar una confrontaci\u00f3n econ\u00f3mica o comercial que desafortunada y lamentablemente\u00a0<strong>es lo opuesto a lo que deber\u00edamos de estar haciendo<\/strong>; es decir, integrar m\u00e1s nuestras econom\u00edas para fortalecer nuestra regi\u00f3n ante el avance econ\u00f3mico y comercial de otras regiones&#8221;, dijo.<\/p>\n<p>La Presidenta de M\u00e9xico precis\u00f3 que la asamblea informativa ser\u00e1 el pr\u00f3ximo domingo 9 de marzo al mediod\u00eda en el Z\u00f3calo de la Ciudad de M\u00e9xico, para compartir las acciones que emprender\u00e1 su gobierno tras la imposici\u00f3n de aranceles de\u00a0<a href=\"https:\/\/www.informador.mx\/estados-unidos-t359\" target=\"_blank\" rel=\"noopener\"><strong>Estados Unidos<\/strong><\/a>.<\/p>\n<p>Acus\u00f3 que dicha &#8220;decisi\u00f3n unilateral&#8221;\u00a0<strong>afecta a las empresas nacionales y extranjeras que operan en M\u00e9xico:<\/strong>\u00a0&#8220;Es inconcebible que no se piense en el da\u00f1o que se va a causar, tanto a ciudadanos y empresas de los Estados Unidos, por el incremento del precio en los art\u00edculos que se producen en nuestro pa\u00eds, como tambi\u00e9n el da\u00f1o que se va a provocar por detener la creaci\u00f3n de empleos en ambos pa\u00edses&#8221;.<\/p>\n<p><mark><strong>&#8220;Nadie gana con esta decisi\u00f3n, por el contrario, afecta a los pueblos que representamos&#8221;,<\/strong><\/mark>\u00a0declar\u00f3.<\/p>\n<p>Al destacar acciones de M\u00e9xico contra la delincuencia como detenciones, incautaciones, reducci\u00f3n de homicidios y la entrega de 29 capos a Estados Unidos, Sheinbaum enfatiz\u00f3: &#8220;No hay motivo, raz\u00f3n ni justificaci\u00f3n que soporte esta decisi\u00f3n que afectar\u00e1 a nuestros pueblos y naciones&#8221;.<\/p>\n<p>&#8220;Cooperaci\u00f3n y coordinaci\u00f3n, s\u00ed. Subordinaci\u00f3n, intervencionismo, no. A M\u00e9xico se le respeta, somos naciones iguales&#8221;, agreg\u00f3 al destacar la colaboraci\u00f3n contra el tr\u00e1fico de drogas al pa\u00eds vecino del norte.<\/p>\n<p>Insisti\u00f3 en que ese pa\u00eds debe hacerse cargo de la crisis de consumo de opioides que ha causado tantas muertes, porque es un problema de salud p\u00fablica que debe atenderse. Agreg\u00f3 que Estados Unidos debe actuar contra los grupos delictivos que internan de manera ilegal, a trav\u00e9s de sus puertos y aeropuertos, los precursores de fentanilo.<\/p>\n<p>&#8220;Es tiempo de que asumamos cada pa\u00eds nuestro compromiso, en Estados Unidos la crisis de consumo de opioides que se ha desatado, inici\u00f3 con la aprobaci\u00f3n irresponsable de f\u00e1rmacos de la FDA&#8221;, expuso Claudia Sheinbaum en el Sal\u00f3n de Tesorer\u00eda de Palacio Nacional.<\/p>\n<p><i>*Con informaci\u00f3n de SUN<\/i><\/p>\n","protected":false},"excerpt":{"rendered":"<p>Este martes 4 de marzo, la Presidenta de M\u00e9xico,\u00a0Claudia Sheinbaum, respondi\u00f3 a la decisi\u00f3n de que entren en vigor los\u00a0aranceles del 25% que el mandatario de Estados Unidos anunci\u00f3 para M\u00e9xico, Canad\u00e1,\u00a0adem\u00e1s de otros para China, a partir de hoy, a los productos procedentes de esos pa\u00edses. Sheinbaum respondi\u00f3 a la medida con la aplicaci\u00f3n [&hellip;]<\/p>\n","protected":false},"author":2,"featured_media":210498,"comment_status":"closed","ping_status":"closed","sticky":false,"template":"","format":"standard","meta":{"footnotes":""},"categories":[12870,172],"tags":[12865,12874],"class_list":["post-210497","post","type-post","status-publish","format-standard","has-post-thumbnail","hentry","category-destacadas","category-nacional","tag-destacadas","tag-nacional"],"jetpack_featured_media_url":"https:\/\/rnoticias.com.mx\/Portal\/wp-content\/uploads\/2025\/03\/bcc117f14b67b3b3f2d18fcbc60a7908-88818736.webp","amp_enabled":true,"_links":{"self":[{"href":"https:\/\/rnoticias.com.mx\/Portal\/wp-json\/wp\/v2\/posts\/210497","targetHints":{"allow":["GET"]}}],"collection":[{"href":"https:\/\/rnoticias.com.mx\/Portal\/wp-json\/wp\/v2\/posts"}],"about":[{"href":"https:\/\/rnoticias.com.mx\/Portal\/wp-json\/wp\/v2\/types\/post"}],"author":[{"embeddable":true,"href":"https:\/\/rnoticias.com.mx\/Portal\/wp-json\/wp\/v2\/users\/2"}],"replies":[{"embeddable":true,"href":"https:\/\/rnoticias.com.mx\/Portal\/wp-json\/wp\/v2\/comments?post=210497"}],"version-history":[{"count":1,"href":"https:\/\/rnoticias.com.mx\/Portal\/wp-json\/wp\/v2\/posts\/210497\/revisions"}],"predecessor-version":[{"id":210499,"href":"https:\/\/rnoticias.com.mx\/Portal\/wp-json\/wp\/v2\/posts\/210497\/revisions\/210499"}],"wp:featuredmedia":[{"embeddable":true,"href":"https:\/\/rnoticias.com.mx\/Portal\/wp-json\/wp\/v2\/media\/210498"}],"wp:attachment":[{"href":"https:\/\/rnoticias.com.mx\/Portal\/wp-json\/wp\/v2\/media?parent=210497"}],"wp:term":[{"taxonomy":"category","embeddable":true,"href":"https:\/\/rnoticias.com.mx\/Portal\/wp-json\/wp\/v2\/categories?post=210497"},{"taxonomy":"post_tag","embeddable":true,"href":"https:\/\/rnoticias.com.mx\/Portal\/wp-json\/wp\/v2\/tags?post=210497"}],"curies":[{"name":"wp","href":"https:\/\/api.w.org\/{rel}","templated":true}]}}