{"id":210487,"date":"2025-03-04T13:22:50","date_gmt":"2025-03-04T13:22:50","guid":{"rendered":"https:\/\/rnoticias.com.mx\/Portal\/?p=210487"},"modified":"2025-03-04T13:22:50","modified_gmt":"2025-03-04T13:22:50","slug":"impulsa-policia-municipal-programas-de-prevencion-en-punta-chueca","status":"publish","type":"post","link":"https:\/\/rnoticias.com.mx\/Portal\/2025\/03\/04\/impulsa-policia-municipal-programas-de-prevencion-en-punta-chueca\/","title":{"rendered":"Impulsa Polic\u00eda Municipal programas de prevenci\u00f3n en Punta Chueca"},"content":{"rendered":"<div dir=\"auto\"><b>Hermosillo, Sonora, marzo 04 de 2025.-<\/b>\u00a0Con el proposito de brindar herramientas para la prevenci\u00f3n de la violencia familiar, la Polic\u00eda Municipal impulsa a 1\u00aa Jornada Comunitaria de la Mujer en Punta Chueca.<\/div>\n<div dir=\"auto\"><\/div>\n<div dir=\"auto\">La titular de la Unidad de G\u00e9nero Ang\u00e9lica Mar\u00eda Pay\u00e1n dijo que el fin es proporcionar herramientas y recursos para sensibilizar sobre el empoderamiento de las mujeres, su seguridad y bienestar.<\/div>\n<div dir=\"auto\"><\/div>\n<div dir=\"auto\">Para ello, dijo que el Ayuntamiento de Hermosillo en el marco del D\u00eda Internacional de la Mujer, acercar\u00e1 servicios el pr\u00f3ximo viernes 7 de marzo, de 10:00 a 14:00 horas, en la comunidad de Punta Chueca.<\/div>\n<div dir=\"auto\"><\/div>\n<div dir=\"auto\">La jornada se realizar\u00e1 en colaboraci\u00f3n con la Guardia Nacional, y en coordinaci\u00f3n con Salud P\u00fablica Municipal, el Instituto Municipal de Cultura y Arte y el Instituto de Bienestar Animal, precis\u00f3.<\/div>\n<div dir=\"auto\"><\/div>\n<div dir=\"auto\">Durante la jornada se ofrecer\u00e1n:<\/div>\n<div dir=\"auto\">Atenci\u00f3n psicol\u00f3gica y servicios de salud; servicios de bienestar animal como vacunaci\u00f3n y desparasitaci\u00f3n; talleres de emprendimiento y desarrollo de habilidades; talleres de lectura creativa para ni\u00f1as y ni\u00f1os; charlas sobre seguridad y prevenci\u00f3n de la violencia, entre otras.<\/div>\n<div dir=\"auto\"><\/div>\n<div dir=\"auto\">\u00a0\u201cPara el alcalde Antonio Astiazar\u00e1n, su esposa Paty y el comisario general, es una prioridad que todas las mujeres en nuestro municipio, principalmente las m\u00e1s vulnerables, tengan acceso a estos servicios, reciban orientaci\u00f3n y, sobre todo, respuesta inmediata ante cualquier situaci\u00f3n de riesgo\u201d.expres\u00f3.<\/div>\n<div dir=\"auto\"><\/div>\n<div dir=\"auto\">La primera edici\u00f3n de la Jornada Comunitaria de la Mujer es resultado de un esfuerzo conjunto por la prevenci\u00f3n, el acceso a la salud y la seguridad de las mujeres de nuestra comunidad, resalt\u00f3.<\/div>\n","protected":false},"excerpt":{"rendered":"<p>Hermosillo, Sonora, marzo 04 de 2025.-\u00a0Con el proposito de brindar herramientas para la prevenci\u00f3n de la violencia familiar, la Polic\u00eda Municipal impulsa a 1\u00aa Jornada Comunitaria de la Mujer en Punta Chueca. La titular de la Unidad de G\u00e9nero Ang\u00e9lica Mar\u00eda Pay\u00e1n dijo que el fin es proporcionar herramientas y recursos para sensibilizar sobre el [&hellip;]<\/p>\n","protected":false},"author":2,"featured_media":210488,"comment_status":"closed","ping_status":"closed","sticky":false,"template":"","format":"standard","meta":{"footnotes":""},"categories":[12870,178],"tags":[12865,12869],"class_list":["post-210487","post","type-post","status-publish","format-standard","has-post-thumbnail","hentry","category-destacadas","category-local","tag-destacadas","tag-local"],"jetpack_featured_media_url":"https:\/\/rnoticias.com.mx\/Portal\/wp-content\/uploads\/2025\/03\/IMG-20250226-WA0041.jpg","amp_enabled":true,"_links":{"self":[{"href":"https:\/\/rnoticias.com.mx\/Portal\/wp-json\/wp\/v2\/posts\/210487","targetHints":{"allow":["GET"]}}],"collection":[{"href":"https:\/\/rnoticias.com.mx\/Portal\/wp-json\/wp\/v2\/posts"}],"about":[{"href":"https:\/\/rnoticias.com.mx\/Portal\/wp-json\/wp\/v2\/types\/post"}],"author":[{"embeddable":true,"href":"https:\/\/rnoticias.com.mx\/Portal\/wp-json\/wp\/v2\/users\/2"}],"replies":[{"embeddable":true,"href":"https:\/\/rnoticias.com.mx\/Portal\/wp-json\/wp\/v2\/comments?post=210487"}],"version-history":[{"count":1,"href":"https:\/\/rnoticias.com.mx\/Portal\/wp-json\/wp\/v2\/posts\/210487\/revisions"}],"predecessor-version":[{"id":210489,"href":"https:\/\/rnoticias.com.mx\/Portal\/wp-json\/wp\/v2\/posts\/210487\/revisions\/210489"}],"wp:featuredmedia":[{"embeddable":true,"href":"https:\/\/rnoticias.com.mx\/Portal\/wp-json\/wp\/v2\/media\/210488"}],"wp:attachment":[{"href":"https:\/\/rnoticias.com.mx\/Portal\/wp-json\/wp\/v2\/media?parent=210487"}],"wp:term":[{"taxonomy":"category","embeddable":true,"href":"https:\/\/rnoticias.com.mx\/Portal\/wp-json\/wp\/v2\/categories?post=210487"},{"taxonomy":"post_tag","embeddable":true,"href":"https:\/\/rnoticias.com.mx\/Portal\/wp-json\/wp\/v2\/tags?post=210487"}],"curies":[{"name":"wp","href":"https:\/\/api.w.org\/{rel}","templated":true}]}}