{"id":210484,"date":"2025-03-04T12:42:42","date_gmt":"2025-03-04T12:42:42","guid":{"rendered":"https:\/\/rnoticias.com.mx\/Portal\/?p=210484"},"modified":"2025-03-04T12:42:42","modified_gmt":"2025-03-04T12:42:42","slug":"entra-en-vigor-cobro-de-aranceles-a-mexico","status":"publish","type":"post","link":"https:\/\/rnoticias.com.mx\/Portal\/2025\/03\/04\/entra-en-vigor-cobro-de-aranceles-a-mexico\/","title":{"rendered":"Entra en vigor cobro de aranceles a M\u00e9xico"},"content":{"rendered":"<p>De poco sirvieron los esfuerzos que hizo el Gobierno de M\u00e9xico para demostrar a Estados Unidos la nueva estrategia de combate al tr\u00e1fico de fentanilo y de atenci\u00f3n a migrantes.\u00a0<strong>A partir de las 00:01 de hoy entraron en vigor los aranceles del 25% a las importaciones provenientes de este pa\u00eds y de Canad\u00e1,<\/strong>\u00a0anunciados por el presidente Donald Trump.<\/p>\n<p><strong>Seg\u00fan la administraci\u00f3n estadounidense, estos impuestos se aplican para combatir \u201cuna extraordinaria amenaza a la seguridad nacional\u201d,<\/strong>\u00a0derivada del tr\u00e1fico de drogas.<\/p>\n<p>El comunicado se\u00f1ala que, a pesar de que el gobierno de Trump brind\u00f3 \u201camplias oportunidades\u201d a sus vecinos para frenar la actividad de los c\u00e1rteles y el flujo de drogas, \u00e9stos \u201cno han abordado adecuadamente la situaci\u00f3n\u201d.<\/p>\n<p>Horas antes, la Presidenta de M\u00e9xico,\u00a0<strong>Claudia\u00a0Sheinbaum, se reuni\u00f3 con sus secretarios de gabinete y, por la ma\u00f1ana, asegur\u00f3 que hay plan de contenci\u00f3n.<\/strong>\u00a0Tampoco descart\u00f3 sostener un di\u00e1logo con su hom\u00f3logo estadounidense para atender este tema.<\/p>\n<p>Por su parte, el primer ministro de Canad\u00e1,\u00a0<strong>Justin Trudeau, calific\u00f3 los aranceles como \u201cinjustificados\u201d y anunci\u00f3 medidas de represalia que incluyen grav\u00e1menes del 25% a importaciones por un valor de 30 mil millones de d\u00f3lares,<\/strong>\u00a0con posibilidad de ampliarse.<\/p>\n<p>Su gobierno tambi\u00e9n mencion\u00f3 la\u00a0<strong>posibilidad de implementar medidas no arancelarias, como la interrupci\u00f3n de exportaciones de energ\u00eda, lo que podr\u00eda afectar el suministro de electricidad en algunas zonas del norte de Estados Unidos.<\/strong><\/p>\n<p>El impacto inmediato de los aranceles se reflej\u00f3 en los mercados financieros.\u00a0<strong>El precio del d\u00f3lar registr\u00f3 un repunte tras el anuncio de la medida, con un tipo de cambio de 20.76 pesos por d\u00f3lar al\u00a0mayoreo,<\/strong>\u00a0lo que representa una depreciaci\u00f3n del 1.13% respecto a la jornada anterior, seg\u00fan datos de Bloomberg.<\/p>\n<p>Expertos en econom\u00eda advierten que\u00a0<strong>estos aranceles afectar\u00e1n el crecimiento econ\u00f3mico de la regi\u00f3n.<\/strong>\u00a0La Tax Foundation estima que medidas similares aplicadas por Trump en 2018 y 2019 redujeron el PIB de Estados Unidos en un 0.2%. Se proyecta que los nuevos aranceles contra M\u00e9xico y Canad\u00e1 generen un impacto a\u00fan mayor, especialmente si \u00e9stos responden con represalias.<\/p>\n<p>Gabriela Siller, directora de an\u00e1lisis econ\u00f3mico del Grupo Financiero Base, se\u00f1al\u00f3 que\u00a0<strong>las exportaciones mexicanas representan el 26.7% del PIB del pa\u00eds y que estas medidas pueden afectar la inversi\u00f3n extranjera, el empleo y el consumo privado.\u00a0<\/strong><\/p>\n<p>Mientras tanto,\u00a0<strong>China<\/strong>\u00a0tambi\u00e9n anunci\u00f3 represalias comerciales en respuesta a los aranceles que Washington impuso recientemente a sus productos. El Ministerio de Finanzas inform\u00f3 que aplicar\u00e1 grav\u00e1menes de entre 10% y 15% a productos agropecuarios estadounidenses como trigo, ma\u00edz, soya, carne de cerdo y l\u00e1cteos, entre otros. Adem\u00e1s, el gigante asi\u00e1tico agreg\u00f3 a varias empresas estadounidenses a su lista de control de exportaciones y llevar\u00e1 el caso ante la Organizaci\u00f3n Mundial del Comercio.<\/p>\n<p>La administraci\u00f3n de Trump justifica sus medidas argumentando que tanto M\u00e9xico como Canad\u00e1 deben asumir una mayor responsabilidad en el combate al tr\u00e1fico de drogas. Sin embargo, ambos pa\u00edses han se\u00f1alado que tomaron acciones concretas para abordar el problema y que los aranceles afectan injustificadamente a sus econom\u00edas.<\/p>\n","protected":false},"excerpt":{"rendered":"<p>https:\/\/rnoticias.com.mx\/Portal\/wp-admin\/media-upload.php?post_id=210484&#038;type=image&#038;TB_iframe=1<\/p>\n","protected":false},"author":2,"featured_media":210485,"comment_status":"closed","ping_status":"closed","sticky":false,"template":"","format":"standard","meta":{"footnotes":""},"categories":[12870,172],"tags":[12865,12874],"class_list":["post-210484","post","type-post","status-publish","format-standard","has-post-thumbnail","hentry","category-destacadas","category-nacional","tag-destacadas","tag-nacional"],"jetpack_featured_media_url":"https:\/\/rnoticias.com.mx\/Portal\/wp-content\/uploads\/2025\/03\/large_nota_finanzas_aranceles_7b97bef765.webp","amp_enabled":true,"_links":{"self":[{"href":"https:\/\/rnoticias.com.mx\/Portal\/wp-json\/wp\/v2\/posts\/210484","targetHints":{"allow":["GET"]}}],"collection":[{"href":"https:\/\/rnoticias.com.mx\/Portal\/wp-json\/wp\/v2\/posts"}],"about":[{"href":"https:\/\/rnoticias.com.mx\/Portal\/wp-json\/wp\/v2\/types\/post"}],"author":[{"embeddable":true,"href":"https:\/\/rnoticias.com.mx\/Portal\/wp-json\/wp\/v2\/users\/2"}],"replies":[{"embeddable":true,"href":"https:\/\/rnoticias.com.mx\/Portal\/wp-json\/wp\/v2\/comments?post=210484"}],"version-history":[{"count":1,"href":"https:\/\/rnoticias.com.mx\/Portal\/wp-json\/wp\/v2\/posts\/210484\/revisions"}],"predecessor-version":[{"id":210486,"href":"https:\/\/rnoticias.com.mx\/Portal\/wp-json\/wp\/v2\/posts\/210484\/revisions\/210486"}],"wp:featuredmedia":[{"embeddable":true,"href":"https:\/\/rnoticias.com.mx\/Portal\/wp-json\/wp\/v2\/media\/210485"}],"wp:attachment":[{"href":"https:\/\/rnoticias.com.mx\/Portal\/wp-json\/wp\/v2\/media?parent=210484"}],"wp:term":[{"taxonomy":"category","embeddable":true,"href":"https:\/\/rnoticias.com.mx\/Portal\/wp-json\/wp\/v2\/categories?post=210484"},{"taxonomy":"post_tag","embeddable":true,"href":"https:\/\/rnoticias.com.mx\/Portal\/wp-json\/wp\/v2\/tags?post=210484"}],"curies":[{"name":"wp","href":"https:\/\/api.w.org\/{rel}","templated":true}]}}