{"id":210481,"date":"2025-03-04T12:38:33","date_gmt":"2025-03-04T12:38:33","guid":{"rendered":"https:\/\/rnoticias.com.mx\/Portal\/?p=210481"},"modified":"2025-03-04T12:38:33","modified_gmt":"2025-03-04T12:38:33","slug":"karla-sofia-gascon-se-pronuncia-ante-la-broma-de-conan-obrien-en-los-oscar","status":"publish","type":"post","link":"https:\/\/rnoticias.com.mx\/Portal\/2025\/03\/04\/karla-sofia-gascon-se-pronuncia-ante-la-broma-de-conan-obrien-en-los-oscar\/","title":{"rendered":"Karla Sof\u00eda Gasc\u00f3n se pronuncia ante la broma de Conan O&#8217;Brien en los Oscar"},"content":{"rendered":"<p>Luego de la \u00faltima edici\u00f3n de una de las noches m\u00e1s glamurosas del cine, este lunes,\u00a0<mark>Karla Sof\u00eda Gasc\u00f3n habl\u00f3 sobre el presentador de los premios Oscar, Conan O&#8217;Brien, llam\u00e1ndolo Jimmy Kimmel,\u00a0<\/mark>en respuesta a la broma que el comediante estadounidense hizo de ella en la gala del domingo.<\/p>\n<p>&#8220;Me gust\u00f3 mucho (la gala), muy amena y divertida, sobre todo su fabuloso presentador Jimmy Kimmel, \u00e9l es fant\u00e1stico, cada d\u00eda se parece m\u00e1s al gran Conan O&#8217;Brien&#8221;, se\u00f1al\u00f3 Gasc\u00f3n por medio de un mensaje en Instagram publicado este lunes\u00a0<strong>tras semanas de guardar silencio por los antiguos mensajes de tintes racistas y xen\u00f3fobos en X.<\/strong><\/p>\n<p>La int\u00e9rprete espa\u00f1ola\u00a0<mark>respondi\u00f3 as\u00ed a la broma que solt\u00f3 el comediante estadounidense durante la ceremonia,<\/mark>\u00a0en la que tras informar que Gasc\u00f3n se encontraba entre los presentes, agreg\u00f3:\u00a0<strong>&#8220;Si vas a tuitear hoy, que sepas que mi nombre es Jimmy Kimmel&#8221;<\/strong>, quien present\u00f3 la gala en la anterior edici\u00f3n.<\/p>\n<p>En el mensaje tambi\u00e9n quiso agradecer a los miembros de la Academia por su nominaci\u00f3n a mejor actriz y dar la enhorabuena a los vencedores de la edici\u00f3n, en especial a su compa\u00f1era de &#8216;Emilia P\u00e9rez&#8217; Zoe Salda\u00f1a, quien se llev\u00f3 el galard\u00f3n a mejor actriz de reparto, y a los compositores de &#8216;El Mal&#8217;, que ganaron el \u00d3scar a mejor canci\u00f3n.<\/p>\n<p>&#8220;Gracias Emilia P\u00e9rez por haberme ense\u00f1ado tantas cosas&#8221;, sentenci\u00f3.<\/p>\n<p><strong>Gasc\u00f3n asisti\u00f3 a la gala de los \u00d3scar sin pasar por la alfombra roja\u00a0<\/strong>y como parte de una de sus primeras apariciones tras los pol\u00e9micos mensajes en X que la obligaron a apartarse de la temporada de premios para evitar salpicar al elenco de &#8216;Emilia P\u00e9rez&#8217;, no sin antes denunciar estar sometida a una &#8220;campa\u00f1a de odio&#8221;.<\/p>\n","protected":false},"excerpt":{"rendered":"<p>Luego de la \u00faltima edici\u00f3n de una de las noches m\u00e1s glamurosas del cine, este lunes,\u00a0Karla Sof\u00eda Gasc\u00f3n habl\u00f3 sobre el presentador de los premios Oscar, Conan O&#8217;Brien, llam\u00e1ndolo Jimmy Kimmel,\u00a0en respuesta a la broma que el comediante estadounidense hizo de ella en la gala del domingo. &#8220;Me gust\u00f3 mucho (la gala), muy amena y [&hellip;]<\/p>\n","protected":false},"author":2,"featured_media":210482,"comment_status":"closed","ping_status":"closed","sticky":false,"template":"","format":"standard","meta":{"footnotes":""},"categories":[12870,219],"tags":[12865,12875],"class_list":["post-210481","post","type-post","status-publish","format-standard","has-post-thumbnail","hentry","category-destacadas","category-espectaculos","tag-destacadas","tag-espectaculos"],"jetpack_featured_media_url":"https:\/\/rnoticias.com.mx\/Portal\/wp-content\/uploads\/2025\/03\/bff845e5061395e1b8058f867e346f24.jpg","amp_enabled":true,"_links":{"self":[{"href":"https:\/\/rnoticias.com.mx\/Portal\/wp-json\/wp\/v2\/posts\/210481","targetHints":{"allow":["GET"]}}],"collection":[{"href":"https:\/\/rnoticias.com.mx\/Portal\/wp-json\/wp\/v2\/posts"}],"about":[{"href":"https:\/\/rnoticias.com.mx\/Portal\/wp-json\/wp\/v2\/types\/post"}],"author":[{"embeddable":true,"href":"https:\/\/rnoticias.com.mx\/Portal\/wp-json\/wp\/v2\/users\/2"}],"replies":[{"embeddable":true,"href":"https:\/\/rnoticias.com.mx\/Portal\/wp-json\/wp\/v2\/comments?post=210481"}],"version-history":[{"count":1,"href":"https:\/\/rnoticias.com.mx\/Portal\/wp-json\/wp\/v2\/posts\/210481\/revisions"}],"predecessor-version":[{"id":210483,"href":"https:\/\/rnoticias.com.mx\/Portal\/wp-json\/wp\/v2\/posts\/210481\/revisions\/210483"}],"wp:featuredmedia":[{"embeddable":true,"href":"https:\/\/rnoticias.com.mx\/Portal\/wp-json\/wp\/v2\/media\/210482"}],"wp:attachment":[{"href":"https:\/\/rnoticias.com.mx\/Portal\/wp-json\/wp\/v2\/media?parent=210481"}],"wp:term":[{"taxonomy":"category","embeddable":true,"href":"https:\/\/rnoticias.com.mx\/Portal\/wp-json\/wp\/v2\/categories?post=210481"},{"taxonomy":"post_tag","embeddable":true,"href":"https:\/\/rnoticias.com.mx\/Portal\/wp-json\/wp\/v2\/tags?post=210481"}],"curies":[{"name":"wp","href":"https:\/\/api.w.org\/{rel}","templated":true}]}}