{"id":210478,"date":"2025-03-04T12:36:31","date_gmt":"2025-03-04T12:36:31","guid":{"rendered":"https:\/\/rnoticias.com.mx\/Portal\/?p=210478"},"modified":"2025-03-04T12:36:31","modified_gmt":"2025-03-04T12:36:31","slug":"continuan-entrevistas-para-aspirantes-a-personas-juzgadoras-del-poder-judicial","status":"publish","type":"post","link":"https:\/\/rnoticias.com.mx\/Portal\/2025\/03\/04\/continuan-entrevistas-para-aspirantes-a-personas-juzgadoras-del-poder-judicial\/","title":{"rendered":"Contin\u00faan entrevistas para aspirantes a personas juzgadoras del Poder Judicial"},"content":{"rendered":"<p>Hermosillo, Sonora. 4 de marzo de 2025.- Para garantizar una selecci\u00f3n transparente y objetiva de las personas que disputar\u00e1n diversos cargos en la elecci\u00f3n del pr\u00f3ximo 1 de junio, el Comit\u00e9 de Evaluaci\u00f3n del Poder Legislativo continu\u00f3 por tercer d\u00eda con el proceso de entrevistas p\u00fablicas a las y los aspirantes a magistraturas del Supremo Tribunal de Justicia y tribunales regionales.<\/p>\n<p>En esta etapa, de un total de 30 postulantes, comparecieron 27 ante los ciudadanos Ren\u00e9 Luna Sugich, Claudio Abraham Su\u00e1rez Moreno, Ram\u00f3n Alejandro Acosta Cortez y Emma Guadalupe Mill\u00e1n Castro.<\/p>\n<p>El primer bloque, conformado por 12 aspirantes al Pleno del Supremo Tribunal de Justicia (STJ), cont\u00f3 con la participaci\u00f3n de 10, mientras que una persona declin\u00f3 y otra m\u00e1s pospuso su audiencia. En el segundo bloque, integrado por 18 aspirantes a magistraturas en tribunales regionales de circuito, una persona solicit\u00f3 reprogramar su entrevista.<\/p>\n<p>De acuerdo a la din\u00e1mica, cada participante cont\u00f3 con diez minutos para presentar su perfil profesional, exponer su experiencia en el \u00e1mbito jur\u00eddico, detallar sus planes y propuestas en caso de ser seleccionado, as\u00ed como responder preguntas formuladas por los integrantes del comit\u00e9 evaluador.<\/p>\n<p>El proceso de entrevistas continuar\u00e1 el martes 4 de marzo a partir de las 17:00 horas.<\/p>\n","protected":false},"excerpt":{"rendered":"<p>Hermosillo, Sonora. 4 de marzo de 2025.- Para garantizar una selecci\u00f3n transparente y objetiva de las personas que disputar\u00e1n diversos cargos en la elecci\u00f3n del pr\u00f3ximo 1 de junio, el Comit\u00e9 de Evaluaci\u00f3n del Poder Legislativo continu\u00f3 por tercer d\u00eda con el proceso de entrevistas p\u00fablicas a las y los aspirantes a magistraturas del Supremo [&hellip;]<\/p>\n","protected":false},"author":2,"featured_media":210479,"comment_status":"closed","ping_status":"closed","sticky":false,"template":"","format":"standard","meta":{"footnotes":""},"categories":[12870,12868],"tags":[12877,12865],"class_list":["post-210478","post","type-post","status-publish","format-standard","has-post-thumbnail","hentry","category-destacadas","category-politica","tag-congreso-del-estado","tag-destacadas"],"jetpack_featured_media_url":"https:\/\/rnoticias.com.mx\/Portal\/wp-content\/uploads\/2025\/03\/da3fd4b3-6b0d-493a-878a-4f35b4e6c798.jpg","amp_enabled":true,"_links":{"self":[{"href":"https:\/\/rnoticias.com.mx\/Portal\/wp-json\/wp\/v2\/posts\/210478","targetHints":{"allow":["GET"]}}],"collection":[{"href":"https:\/\/rnoticias.com.mx\/Portal\/wp-json\/wp\/v2\/posts"}],"about":[{"href":"https:\/\/rnoticias.com.mx\/Portal\/wp-json\/wp\/v2\/types\/post"}],"author":[{"embeddable":true,"href":"https:\/\/rnoticias.com.mx\/Portal\/wp-json\/wp\/v2\/users\/2"}],"replies":[{"embeddable":true,"href":"https:\/\/rnoticias.com.mx\/Portal\/wp-json\/wp\/v2\/comments?post=210478"}],"version-history":[{"count":1,"href":"https:\/\/rnoticias.com.mx\/Portal\/wp-json\/wp\/v2\/posts\/210478\/revisions"}],"predecessor-version":[{"id":210480,"href":"https:\/\/rnoticias.com.mx\/Portal\/wp-json\/wp\/v2\/posts\/210478\/revisions\/210480"}],"wp:featuredmedia":[{"embeddable":true,"href":"https:\/\/rnoticias.com.mx\/Portal\/wp-json\/wp\/v2\/media\/210479"}],"wp:attachment":[{"href":"https:\/\/rnoticias.com.mx\/Portal\/wp-json\/wp\/v2\/media?parent=210478"}],"wp:term":[{"taxonomy":"category","embeddable":true,"href":"https:\/\/rnoticias.com.mx\/Portal\/wp-json\/wp\/v2\/categories?post=210478"},{"taxonomy":"post_tag","embeddable":true,"href":"https:\/\/rnoticias.com.mx\/Portal\/wp-json\/wp\/v2\/tags?post=210478"}],"curies":[{"name":"wp","href":"https:\/\/api.w.org\/{rel}","templated":true}]}}