{"id":210460,"date":"2025-03-04T12:21:19","date_gmt":"2025-03-04T12:21:19","guid":{"rendered":"https:\/\/rnoticias.com.mx\/Portal\/?p=210460"},"modified":"2025-03-04T12:21:19","modified_gmt":"2025-03-04T12:21:19","slug":"detiene-gobierno-de-sonora-a-382-generadores-de-violencia-en-municipios-de-sonora","status":"publish","type":"post","link":"https:\/\/rnoticias.com.mx\/Portal\/2025\/03\/04\/detiene-gobierno-de-sonora-a-382-generadores-de-violencia-en-municipios-de-sonora\/","title":{"rendered":"Detiene Gobierno de Sonora a 382 generadores de violencia en municipios de Sonora"},"content":{"rendered":"<p align=\"left\">Hermosillo, Sonora; 4 de marzo de 2025.- Durante operativos de febrero, la Secretar\u00eda de Seguridad P\u00fablica (SSP) realiz\u00f3 la detenci\u00f3n de 382 personas, como resultado de las acciones de prevenci\u00f3n y combate al delito en coordinaci\u00f3n con autoridades de seguridad de los tres niveles de gobierno en municipios de Sonora.<\/p>\n<p align=\"left\">Con los despliegues operativos de este mes, la Polic\u00eda Estatal de Seguridad P\u00fablica (PESP) registr\u00f3 el aseguramiento de 59 armas de fuego y cinco mil 105 cartuchos.<\/p>\n<p align=\"left\">Incautaron 10 mil 164 envoltorios con sustancia similar al narc\u00f3tico y recuperaron 94 veh\u00edculos con reporte de robo.<\/p>\n<p align=\"left\">Comprometidos en atender a la poblaci\u00f3n, la Polic\u00eda Estatal se mantiene en acciones operativas, desplegando y fortaleciendo la presencia en zonas focalizadas, exhortando a la ciudadan\u00eda para hacer uso de la l\u00ednea 9-1-1 para emergencias y 089 de denuncia an\u00f3nima.<\/p>\n<p align=\"left\">Los detenidos se presumen inocentes mientras no se declare su responsabilidad mediante sentencia emitida por el \u00f3rgano jurisdiccional (Art. 13 del CNPP).<\/p>\n","protected":false},"excerpt":{"rendered":"<p>Hermosillo, Sonora; 4 de marzo de 2025.- Durante operativos de febrero, la Secretar\u00eda de Seguridad P\u00fablica (SSP) realiz\u00f3 la detenci\u00f3n de 382 personas, como resultado de las acciones de prevenci\u00f3n y combate al delito en coordinaci\u00f3n con autoridades de seguridad de los tres niveles de gobierno en municipios de Sonora. Con los despliegues operativos de [&hellip;]<\/p>\n","protected":false},"author":2,"featured_media":210461,"comment_status":"closed","ping_status":"closed","sticky":false,"template":"","format":"standard","meta":{"footnotes":""},"categories":[12870,178],"tags":[12865,12869],"class_list":["post-210460","post","type-post","status-publish","format-standard","has-post-thumbnail","hentry","category-destacadas","category-local","tag-destacadas","tag-local"],"jetpack_featured_media_url":"https:\/\/rnoticias.com.mx\/Portal\/wp-content\/uploads\/2025\/03\/unnamed-2-3.jpg","amp_enabled":true,"_links":{"self":[{"href":"https:\/\/rnoticias.com.mx\/Portal\/wp-json\/wp\/v2\/posts\/210460","targetHints":{"allow":["GET"]}}],"collection":[{"href":"https:\/\/rnoticias.com.mx\/Portal\/wp-json\/wp\/v2\/posts"}],"about":[{"href":"https:\/\/rnoticias.com.mx\/Portal\/wp-json\/wp\/v2\/types\/post"}],"author":[{"embeddable":true,"href":"https:\/\/rnoticias.com.mx\/Portal\/wp-json\/wp\/v2\/users\/2"}],"replies":[{"embeddable":true,"href":"https:\/\/rnoticias.com.mx\/Portal\/wp-json\/wp\/v2\/comments?post=210460"}],"version-history":[{"count":1,"href":"https:\/\/rnoticias.com.mx\/Portal\/wp-json\/wp\/v2\/posts\/210460\/revisions"}],"predecessor-version":[{"id":210462,"href":"https:\/\/rnoticias.com.mx\/Portal\/wp-json\/wp\/v2\/posts\/210460\/revisions\/210462"}],"wp:featuredmedia":[{"embeddable":true,"href":"https:\/\/rnoticias.com.mx\/Portal\/wp-json\/wp\/v2\/media\/210461"}],"wp:attachment":[{"href":"https:\/\/rnoticias.com.mx\/Portal\/wp-json\/wp\/v2\/media?parent=210460"}],"wp:term":[{"taxonomy":"category","embeddable":true,"href":"https:\/\/rnoticias.com.mx\/Portal\/wp-json\/wp\/v2\/categories?post=210460"},{"taxonomy":"post_tag","embeddable":true,"href":"https:\/\/rnoticias.com.mx\/Portal\/wp-json\/wp\/v2\/tags?post=210460"}],"curies":[{"name":"wp","href":"https:\/\/api.w.org\/{rel}","templated":true}]}}