{"id":210454,"date":"2025-03-04T12:16:34","date_gmt":"2025-03-04T12:16:34","guid":{"rendered":"https:\/\/rnoticias.com.mx\/Portal\/?p=210454"},"modified":"2025-03-04T12:16:34","modified_gmt":"2025-03-04T12:16:34","slug":"kalimba-a-favor-de-ley-para-proteger-a-hombres","status":"publish","type":"post","link":"https:\/\/rnoticias.com.mx\/Portal\/2025\/03\/04\/kalimba-a-favor-de-ley-para-proteger-a-hombres\/","title":{"rendered":"Kalimba, a favor de ley para proteger a hombres"},"content":{"rendered":"<p>El cantante\u00a0Kalimba\u00a0asegur\u00f3 estar a favor de una ley para proteger a los hombres de denuncias falsas de abuso, siempre y cuando todo ello sea justo para hombres y mujeres\u00a0pues considera que la maldad y bondad no es exclusiva de un s\u00f3lo g\u00e9nero.<\/p>\n<p>En la conferencia de prensa del 90\u2019s Pop Tour,\u00a0<strong>se le cuestion\u00f3 al cantante sobre su postura respecto a la iniciativa de ley que el diputado Cuauht\u00e9moc Blanco pretende presentar para proteger a los varones en casa de denuncias falsas de abuso<\/strong>.<\/p>\n<p>\u201cDepende de much\u00edsimas cosas. Yo creo que todo lo que est\u00e1 pasando actualmente surge como consecuencia de un desequilibrio de g\u00e9nero que ha existido por muchos a\u00f1os\u201d, dijo Kalimba.<\/p>\n<p>\u201cTenemos que buscar que s\u00ed haya un equilibrio, que se luche y se defienda a las mujeres en los casos reales, y que las leyes no se inclinen totalmente a escuchar denuncias injustas\u201d, agreg\u00f3 el ex OV7.<\/p>\n<p>Adem\u00e1s,\u00a0<strong>Kalimba enfatiz\u00f3 que la violencia afecta a todas las personas, sin importar su g\u00e9nero, por lo que considera fundamental que las leyes protejan a todos por igual<\/strong>.<\/p>\n<p>\u201cNecesitamos un equilibrio correcto y buscar que ambos g\u00e9neros que sufrimos violencia estemos protegidos\u201d, expres\u00f3 el m\u00fasico, quien en 2023 volvi\u00f3 a ser demandado por una mujer de nombre Melissa, por supuestamente haberla tocado sin su consentimiento mientras trabajaba como telonera para sus conciertos en 2020.<\/p>\n<p>Ya han pasado varios meses desde que\u00a0Kalimba\u00a0fue vinculado a proceso por la denuncia que interpuso\u00a0Melissa. Aunque se mantiene muy reservado a la hora de hablar sobre este tema, el cantante siempre ha defendido su inocencia.<\/p>\n","protected":false},"excerpt":{"rendered":"<p>El cantante\u00a0Kalimba\u00a0asegur\u00f3 estar a favor de una ley para proteger a los hombres de denuncias falsas de abuso, siempre y cuando todo ello sea justo para hombres y mujeres\u00a0pues considera que la maldad y bondad no es exclusiva de un s\u00f3lo g\u00e9nero. En la conferencia de prensa del 90\u2019s Pop Tour,\u00a0se le cuestion\u00f3 al cantante [&hellip;]<\/p>\n","protected":false},"author":2,"featured_media":210455,"comment_status":"closed","ping_status":"closed","sticky":false,"template":"","format":"standard","meta":{"footnotes":""},"categories":[12870,219],"tags":[12865,12875],"class_list":["post-210454","post","type-post","status-publish","format-standard","has-post-thumbnail","hentry","category-destacadas","category-espectaculos","tag-destacadas","tag-espectaculos"],"jetpack_featured_media_url":"https:\/\/rnoticias.com.mx\/Portal\/wp-content\/uploads\/2025\/03\/kalimba.jpg","amp_enabled":true,"_links":{"self":[{"href":"https:\/\/rnoticias.com.mx\/Portal\/wp-json\/wp\/v2\/posts\/210454","targetHints":{"allow":["GET"]}}],"collection":[{"href":"https:\/\/rnoticias.com.mx\/Portal\/wp-json\/wp\/v2\/posts"}],"about":[{"href":"https:\/\/rnoticias.com.mx\/Portal\/wp-json\/wp\/v2\/types\/post"}],"author":[{"embeddable":true,"href":"https:\/\/rnoticias.com.mx\/Portal\/wp-json\/wp\/v2\/users\/2"}],"replies":[{"embeddable":true,"href":"https:\/\/rnoticias.com.mx\/Portal\/wp-json\/wp\/v2\/comments?post=210454"}],"version-history":[{"count":1,"href":"https:\/\/rnoticias.com.mx\/Portal\/wp-json\/wp\/v2\/posts\/210454\/revisions"}],"predecessor-version":[{"id":210456,"href":"https:\/\/rnoticias.com.mx\/Portal\/wp-json\/wp\/v2\/posts\/210454\/revisions\/210456"}],"wp:featuredmedia":[{"embeddable":true,"href":"https:\/\/rnoticias.com.mx\/Portal\/wp-json\/wp\/v2\/media\/210455"}],"wp:attachment":[{"href":"https:\/\/rnoticias.com.mx\/Portal\/wp-json\/wp\/v2\/media?parent=210454"}],"wp:term":[{"taxonomy":"category","embeddable":true,"href":"https:\/\/rnoticias.com.mx\/Portal\/wp-json\/wp\/v2\/categories?post=210454"},{"taxonomy":"post_tag","embeddable":true,"href":"https:\/\/rnoticias.com.mx\/Portal\/wp-json\/wp\/v2\/tags?post=210454"}],"curies":[{"name":"wp","href":"https:\/\/api.w.org\/{rel}","templated":true}]}}