{"id":210238,"date":"2025-03-01T04:08:30","date_gmt":"2025-03-01T04:08:30","guid":{"rendered":"https:\/\/rnoticias.com.mx\/Portal\/?p=210238"},"modified":"2025-03-01T04:08:30","modified_gmt":"2025-03-01T04:08:30","slug":"gobierno-de-sonora-impulsa-el-emprendimiento-con-el-bootcamp-emprendedor","status":"publish","type":"post","link":"https:\/\/rnoticias.com.mx\/Portal\/2025\/03\/01\/gobierno-de-sonora-impulsa-el-emprendimiento-con-el-bootcamp-emprendedor\/","title":{"rendered":"Gobierno de Sonora impulsa el emprendimiento con el Bootcamp Emprendedor"},"content":{"rendered":"<p align=\"left\">Hermosillo, Sonora; 28 de febrero de 2025.- El Gobierno de Sonora, a trav\u00e9s del Instituto Sonorense de la Juventud (ISJ), llev\u00f3 a cabo el taller Bootcamp Emprendedor, enfocado en la elaboraci\u00f3n de planes de negocios, dirigido a emprendedores y personas interesadas en establecer su propio negocio.<\/p>\n<p align=\"left\">Rebeca Valenzuela \u00c1lvarez, directora general del ISJ, inform\u00f3 que los asistentes al taller recibieron formaci\u00f3n y acompa\u00f1amiento durante el proceso de incubaci\u00f3n de sus emprendimientos.<\/p>\n<p align=\"left\">Destac\u00f3 la importancia de ofrecer herramientas a los j\u00f3venes para que puedan aprovechar su potencial emprendedor de manera segura y sin riesgos.<\/p>\n<p align=\"left\">&#8220;Actualmente, son muchas las personas con la inquietud de emprender. Nosotros les brindamos el apoyo necesario para que lo hagan de manera segura y con el respaldo que necesitan&#8221;, afirm\u00f3.<\/p>\n<p align=\"left\">El taller, que se llev\u00f3 a cabo de manera totalmente gratuita en las instalaciones del ISJ del 25 al 28 de febrero, culmin\u00f3 con la entrega de un reconocimiento oficial a los participantes, que les permitir\u00e1 la posibilidad de acceder a cr\u00e9ditos a trav\u00e9s de la Financiera para el Desarrollo Econ\u00f3mico de Sonora (Fideson).<\/p>\n<p align=\"left\">Valenzuela \u00c1lvarez, adelant\u00f3 que el pr\u00f3ximo Bootcamp Emprendedor se realizar\u00e1 el 5 y 6 de marzo en el Instituto Tecnol\u00f3gico de Sonora, campus Cajeme.<\/p>\n<p align=\"left\">Para obtener m\u00e1s informaci\u00f3n sobre los pr\u00f3ximos talleres o los servicios que ofrece el ISJ, los interesados pueden comunicarse a trav\u00e9s del WhatsApp al n\u00famero 6624 44 77 42.<\/p>\n","protected":false},"excerpt":{"rendered":"<p>Hermosillo, Sonora; 28 de febrero de 2025.- El Gobierno de Sonora, a trav\u00e9s del Instituto Sonorense de la Juventud (ISJ), llev\u00f3 a cabo el taller Bootcamp Emprendedor, enfocado en la elaboraci\u00f3n de planes de negocios, dirigido a emprendedores y personas interesadas en establecer su propio negocio. Rebeca Valenzuela \u00c1lvarez, directora general del ISJ, inform\u00f3 que [&hellip;]<\/p>\n","protected":false},"author":2,"featured_media":210239,"comment_status":"closed","ping_status":"closed","sticky":false,"template":"","format":"standard","meta":{"footnotes":""},"categories":[12870,178],"tags":[12865,12869],"class_list":["post-210238","post","type-post","status-publish","format-standard","has-post-thumbnail","hentry","category-destacadas","category-local","tag-destacadas","tag-local"],"jetpack_featured_media_url":"https:\/\/rnoticias.com.mx\/Portal\/wp-content\/uploads\/2025\/03\/unnamed-2.jpg","amp_enabled":true,"_links":{"self":[{"href":"https:\/\/rnoticias.com.mx\/Portal\/wp-json\/wp\/v2\/posts\/210238","targetHints":{"allow":["GET"]}}],"collection":[{"href":"https:\/\/rnoticias.com.mx\/Portal\/wp-json\/wp\/v2\/posts"}],"about":[{"href":"https:\/\/rnoticias.com.mx\/Portal\/wp-json\/wp\/v2\/types\/post"}],"author":[{"embeddable":true,"href":"https:\/\/rnoticias.com.mx\/Portal\/wp-json\/wp\/v2\/users\/2"}],"replies":[{"embeddable":true,"href":"https:\/\/rnoticias.com.mx\/Portal\/wp-json\/wp\/v2\/comments?post=210238"}],"version-history":[{"count":1,"href":"https:\/\/rnoticias.com.mx\/Portal\/wp-json\/wp\/v2\/posts\/210238\/revisions"}],"predecessor-version":[{"id":210240,"href":"https:\/\/rnoticias.com.mx\/Portal\/wp-json\/wp\/v2\/posts\/210238\/revisions\/210240"}],"wp:featuredmedia":[{"embeddable":true,"href":"https:\/\/rnoticias.com.mx\/Portal\/wp-json\/wp\/v2\/media\/210239"}],"wp:attachment":[{"href":"https:\/\/rnoticias.com.mx\/Portal\/wp-json\/wp\/v2\/media?parent=210238"}],"wp:term":[{"taxonomy":"category","embeddable":true,"href":"https:\/\/rnoticias.com.mx\/Portal\/wp-json\/wp\/v2\/categories?post=210238"},{"taxonomy":"post_tag","embeddable":true,"href":"https:\/\/rnoticias.com.mx\/Portal\/wp-json\/wp\/v2\/tags?post=210238"}],"curies":[{"name":"wp","href":"https:\/\/api.w.org\/{rel}","templated":true}]}}