{"id":210235,"date":"2025-03-01T04:07:33","date_gmt":"2025-03-01T04:07:33","guid":{"rendered":"https:\/\/rnoticias.com.mx\/Portal\/?p=210235"},"modified":"2025-03-01T04:07:33","modified_gmt":"2025-03-01T04:07:33","slug":"aprehende-gobierno-de-sonora-a-mas-de-100-personas-en-diferentes-operativos","status":"publish","type":"post","link":"https:\/\/rnoticias.com.mx\/Portal\/2025\/03\/01\/aprehende-gobierno-de-sonora-a-mas-de-100-personas-en-diferentes-operativos\/","title":{"rendered":"Aprehende Gobierno de Sonora a m\u00e1s de 100 personas en diferentes operativos"},"content":{"rendered":"<p align=\"left\">Hermosillo, Sonora; 28 de febrero de 2025.- En una semana de operativos de prevenci\u00f3n, vigilancia e inteligencia, la Secretar\u00eda de Seguridad P\u00fablica (SSP), a trav\u00e9s de los grupos especializados que se han desplegado en el Estado, se logr\u00f3 la detenci\u00f3n de 105 personas y el aseguramiento de sustancias prohibidas.<\/p>\n<p align=\"left\">Durante la semana del 21 al 27 de febrero, la Polic\u00eda Estatal de Seguridad P\u00fablica (PESP) realiz\u00f3 el aseguramiento de 21 armas de fuego, 781 cartuchos, lo equivalente a mil 805 dosis de sustancias similares al narc\u00f3tico y la recuperaci\u00f3n de 30 veh\u00edculos con reporte de robo.<\/p>\n<p align=\"left\">Estos resultados se derivaron a trav\u00e9s del trabajo operativo y la coordinaci\u00f3n con autoridades de seguridad de los tres niveles de gobierno en las acciones operativas en municipios de Sonora, labores que se mantendr\u00e1n para dar atenci\u00f3n a los reportes que se genera a la l\u00ednea 9-1-1.<\/p>\n<p align=\"left\">Cada uno de los detenidos qued\u00f3 informado sobre sus derechos y los aseguramientos quedaron disposici\u00f3n del Ministerio P\u00fablico correspondiente.<\/p>\n<p align=\"left\">Los detenidos se presumen inocentes mientras no se declare su responsabilidad mediante sentencia emitida por el \u00f3rgano jurisdiccional (Art. 13 del CNPP).<\/p>\n","protected":false},"excerpt":{"rendered":"<p>Hermosillo, Sonora; 28 de febrero de 2025.- En una semana de operativos de prevenci\u00f3n, vigilancia e inteligencia, la Secretar\u00eda de Seguridad P\u00fablica (SSP), a trav\u00e9s de los grupos especializados que se han desplegado en el Estado, se logr\u00f3 la detenci\u00f3n de 105 personas y el aseguramiento de sustancias prohibidas. Durante la semana del 21 al [&hellip;]<\/p>\n","protected":false},"author":2,"featured_media":210236,"comment_status":"closed","ping_status":"closed","sticky":false,"template":"","format":"standard","meta":{"footnotes":""},"categories":[12870,178],"tags":[12865,12869],"class_list":["post-210235","post","type-post","status-publish","format-standard","has-post-thumbnail","hentry","category-destacadas","category-local","tag-destacadas","tag-local"],"jetpack_featured_media_url":"https:\/\/rnoticias.com.mx\/Portal\/wp-content\/uploads\/2025\/03\/unnamed-19.jpg","amp_enabled":true,"_links":{"self":[{"href":"https:\/\/rnoticias.com.mx\/Portal\/wp-json\/wp\/v2\/posts\/210235","targetHints":{"allow":["GET"]}}],"collection":[{"href":"https:\/\/rnoticias.com.mx\/Portal\/wp-json\/wp\/v2\/posts"}],"about":[{"href":"https:\/\/rnoticias.com.mx\/Portal\/wp-json\/wp\/v2\/types\/post"}],"author":[{"embeddable":true,"href":"https:\/\/rnoticias.com.mx\/Portal\/wp-json\/wp\/v2\/users\/2"}],"replies":[{"embeddable":true,"href":"https:\/\/rnoticias.com.mx\/Portal\/wp-json\/wp\/v2\/comments?post=210235"}],"version-history":[{"count":1,"href":"https:\/\/rnoticias.com.mx\/Portal\/wp-json\/wp\/v2\/posts\/210235\/revisions"}],"predecessor-version":[{"id":210237,"href":"https:\/\/rnoticias.com.mx\/Portal\/wp-json\/wp\/v2\/posts\/210235\/revisions\/210237"}],"wp:featuredmedia":[{"embeddable":true,"href":"https:\/\/rnoticias.com.mx\/Portal\/wp-json\/wp\/v2\/media\/210236"}],"wp:attachment":[{"href":"https:\/\/rnoticias.com.mx\/Portal\/wp-json\/wp\/v2\/media?parent=210235"}],"wp:term":[{"taxonomy":"category","embeddable":true,"href":"https:\/\/rnoticias.com.mx\/Portal\/wp-json\/wp\/v2\/categories?post=210235"},{"taxonomy":"post_tag","embeddable":true,"href":"https:\/\/rnoticias.com.mx\/Portal\/wp-json\/wp\/v2\/tags?post=210235"}],"curies":[{"name":"wp","href":"https:\/\/api.w.org\/{rel}","templated":true}]}}