{"id":210223,"date":"2025-03-01T03:51:56","date_gmt":"2025-03-01T03:51:56","guid":{"rendered":"https:\/\/rnoticias.com.mx\/Portal\/?p=210223"},"modified":"2025-03-01T03:51:56","modified_gmt":"2025-03-01T03:51:56","slug":"captura-policia-de-hermosillo-a-cuatro-jovenes-armados","status":"publish","type":"post","link":"https:\/\/rnoticias.com.mx\/Portal\/2025\/03\/01\/captura-policia-de-hermosillo-a-cuatro-jovenes-armados\/","title":{"rendered":"Captura Polic\u00eda de Hermosillo a cuatro j\u00f3venes armados"},"content":{"rendered":"<div dir=\"auto\"><b>Hermosillo, Sonora a 28 de febrero del 2024.-\u00a0<\/b>Elementos de la Polic\u00eda Preventiva detuvieron a cuatro sujetos en posesi\u00f3n de tres armas corta y una larga, minutos despu\u00e9s de activarse c\u00f3digo rojo por detonaciones.<\/div>\n<div dir=\"auto\"><\/div>\n<div dir=\"auto\">Los detenidos son: C\u00e9sar &#8220;N&#8221;, Bryan Alejandro &#8220;N&#8221; y Juan Manuel &#8220;N&#8221;, Guillermo Alejandro &#8220;N&#8221;, de 20, 24, 29 y 25 a\u00f1os de edad, respectivamente<\/div>\n<div dir=\"auto\"><\/div>\n<div dir=\"auto\">Los hechos se suscitaron a las 16:05 horas de hoy,\u00a0 en las calles Nuevo Progreso y Pedro Salazar F\u00e9lix del fraccionamiento Pueblitos secci\u00f3n \u00c1lamos.<\/div>\n<div dir=\"auto\"><\/div>\n<div dir=\"auto\">\n<div dir=\"auto\">Los cuatro sujetos viajaban en una camioneta de color guinda, de la marca Chevrolet, l\u00ednea Trax, en exceso de velocidad sobre la calle Arroyo Agua Escondida.<\/div>\n<div dir=\"auto\"><\/div>\n<div dir=\"auto\">La Polic\u00eda Preventiva le dio alcance a la altura de la calle Mocuzari, detectando que uno de ellos tra\u00eda fajada un arma de fuego y otros dos chalecos t\u00e1cticos.<\/div>\n<div dir=\"auto\"><\/div>\n<div dir=\"auto\">Dentro del veh\u00edculo localizaron tres pistolas de calibre 9 mil\u00edmetros con sus respectivos cargado6r abastecidos, un arma larga de calibre 7.62.<\/div>\n<div dir=\"auto\"><\/div>\n<div dir=\"auto\">Adem\u00e1s, un chaleco\u00a0 t\u00e1ctico con dos cargadores de arma larga\u00a0 cal 7.62,\u00a0 cuatro tel\u00e9fonos celulares y una navaja.<\/div>\n<\/div>\n","protected":false},"excerpt":{"rendered":"<p>Hermosillo, Sonora a 28 de febrero del 2024.-\u00a0Elementos de la Polic\u00eda Preventiva detuvieron a cuatro sujetos en posesi\u00f3n de tres armas corta y una larga, minutos despu\u00e9s de activarse c\u00f3digo rojo por detonaciones. Los detenidos son: C\u00e9sar &#8220;N&#8221;, Bryan Alejandro &#8220;N&#8221; y Juan Manuel &#8220;N&#8221;, Guillermo Alejandro &#8220;N&#8221;, de 20, 24, 29 y 25 a\u00f1os [&hellip;]<\/p>\n","protected":false},"author":2,"featured_media":210224,"comment_status":"closed","ping_status":"closed","sticky":false,"template":"","format":"standard","meta":{"footnotes":""},"categories":[12870,178],"tags":[12865,12869],"class_list":["post-210223","post","type-post","status-publish","format-standard","has-post-thumbnail","hentry","category-destacadas","category-local","tag-destacadas","tag-local"],"jetpack_featured_media_url":"https:\/\/rnoticias.com.mx\/Portal\/wp-content\/uploads\/2025\/03\/patrullas.webp","amp_enabled":true,"_links":{"self":[{"href":"https:\/\/rnoticias.com.mx\/Portal\/wp-json\/wp\/v2\/posts\/210223","targetHints":{"allow":["GET"]}}],"collection":[{"href":"https:\/\/rnoticias.com.mx\/Portal\/wp-json\/wp\/v2\/posts"}],"about":[{"href":"https:\/\/rnoticias.com.mx\/Portal\/wp-json\/wp\/v2\/types\/post"}],"author":[{"embeddable":true,"href":"https:\/\/rnoticias.com.mx\/Portal\/wp-json\/wp\/v2\/users\/2"}],"replies":[{"embeddable":true,"href":"https:\/\/rnoticias.com.mx\/Portal\/wp-json\/wp\/v2\/comments?post=210223"}],"version-history":[{"count":1,"href":"https:\/\/rnoticias.com.mx\/Portal\/wp-json\/wp\/v2\/posts\/210223\/revisions"}],"predecessor-version":[{"id":210225,"href":"https:\/\/rnoticias.com.mx\/Portal\/wp-json\/wp\/v2\/posts\/210223\/revisions\/210225"}],"wp:featuredmedia":[{"embeddable":true,"href":"https:\/\/rnoticias.com.mx\/Portal\/wp-json\/wp\/v2\/media\/210224"}],"wp:attachment":[{"href":"https:\/\/rnoticias.com.mx\/Portal\/wp-json\/wp\/v2\/media?parent=210223"}],"wp:term":[{"taxonomy":"category","embeddable":true,"href":"https:\/\/rnoticias.com.mx\/Portal\/wp-json\/wp\/v2\/categories?post=210223"},{"taxonomy":"post_tag","embeddable":true,"href":"https:\/\/rnoticias.com.mx\/Portal\/wp-json\/wp\/v2\/tags?post=210223"}],"curies":[{"name":"wp","href":"https:\/\/api.w.org\/{rel}","templated":true}]}}