{"id":210216,"date":"2025-02-28T21:34:14","date_gmt":"2025-02-28T21:34:14","guid":{"rendered":"https:\/\/rnoticias.com.mx\/Portal\/?p=210216"},"modified":"2025-02-28T21:34:14","modified_gmt":"2025-02-28T21:34:14","slug":"eduin-caz-rompe-el-silencio-tras-cancelar-concierto-en-el-carnaval-de-mazatlan-toda-la-gira-sigue-igual","status":"publish","type":"post","link":"https:\/\/rnoticias.com.mx\/Portal\/2025\/02\/28\/eduin-caz-rompe-el-silencio-tras-cancelar-concierto-en-el-carnaval-de-mazatlan-toda-la-gira-sigue-igual\/","title":{"rendered":"Eduin Caz rompe el silencio tras cancelar concierto en el Carnaval de Mazatl\u00e1n: \u201cToda la gira sigue igual\u201d"},"content":{"rendered":"<p><strong>Eduin Caz<\/strong>, vocalista del Grupo Firme, reapareci\u00f3 p\u00fablicamente y\u00a0<strong>ofreci\u00f3 declaraciones sobre la cancelaci\u00f3n de su concierto en el\u00a0<\/strong><a href=\"https:\/\/www.unotv.com\/entretenimiento\/amenazan-a-grupo-firme-les-exigen-que-cancelen-su-presentacion-en-el-carnaval-de-mazatlan\/\"><strong>Carnaval de Mazatl\u00e1n<\/strong><\/a><strong>,\u00a0<\/strong>debido a una manta que amenazaba de muerte a la agrupaci\u00f3n si se presentaba en Sinaloa.<\/p>\n<p>El m\u00fasico acudi\u00f3 a su perfil de Instagram para dejar algunos puntos en claro, e informar que e<strong>l resto de su gira sigue sin cambios.<\/strong><\/p>\n<h2 id=\"h-eduin-caz-rompe-el-silencio-tras-cancelar-concierto-de-grupo-firme\" class=\"wp-block-heading\"><strong>Eduin Caz rompe el silencio tras cancelar concierto de Grupo Firme<\/strong><\/h2>\n<p>Mediante un mensaje en sus \u201chistorias\u201d de Instagram, Eduin Caz dio a conocer que<strong>\u00a0la presentaci\u00f3n de Grupo Firme en el Carnaval de Mazatl\u00e1n<\/strong>\u00a0<strong>se cancel\u00f3 para cuidar a sus compa\u00f1eros de trabajo;\u00a0<\/strong>tambi\u00e9n mencion\u00f3 que\u00a0<strong>no fue por la poca venta de boleto<\/strong>s, como se lleg\u00f3 a especular.<\/p>\n<p><em>\u201c<strong>Si cancel\u00e9 no es porque no vend\u00ed boletos. Pregunten, ten\u00eda todo vendido, gracias a Dios. Pero<\/strong>\u00a0<strong>tampoco quiero poner en riesgo a mis compa\u00f1eros de trabajo<\/strong>\u201d,<\/em>\u00a0public\u00f3 el vocalista de\u00a0<strong>Grupo Firme.<\/strong><\/p>\n<div class=\"code-block code-block-2\"><\/div>\n<p>En la misma publicaci\u00f3n, el m\u00fasico\u00a0<strong>le pidi\u00f3 a las personas que asistan al carnaval que se cuiden mucho<\/strong>, aunque conf\u00eda en que las autoridades de Sinaloa tendr\u00e1n todo cuidado.<\/p>\n<p>Finalmente, ofreci\u00f3 disculpas a su p\u00fablico por no asistir al evento programado, pero\u00a0<strong>conf\u00eda en que pronto estar\u00e1 de regreso\u00a0<\/strong>para dar otro concierto.\u00a0<em>\u201cLes pido una disculpa de antemano, pero, primero Dios, cuando todo esto se calme, tratar\u00e9 de regresar\u201d,<\/em>\u00a0mencion\u00f3.<\/p>\n<div class=\"code-block code-block-18\"><\/div>\n<h2 id=\"h-que-paso-con-eduin-caz-y-grupo-firme-en-el-carnaval-de-mazatlan\" class=\"wp-block-heading\"><strong>\u00bfQu\u00e9 pas\u00f3 con Eduin Caz y Grupo Firme en el Carnaval de Mazatl\u00e1n?<\/strong><\/h2>\n<p>El mi\u00e9rcoles pasado<strong>, Grupo Firme cancel\u00f3 su participaci\u00f3n en el Carnaval de Mazatl\u00e1n<\/strong>\u00a0debido a la aparici\u00f3n en Tijuana, Baja California, de una manta que\u00a0<a href=\"https:\/\/www.unotv.com\/entretenimiento\/grupo-firme-peso-pluma-y-mas-artistas-que-han-sido-amenazados-por-el-crimen-organizado\/\"><strong>amenazaba de muerte<\/strong><\/a>\u00a0a la agrupaci\u00f3n si se presentaba en dicha festividad.<\/p>\n<p>Medios locales informaron que el pasado 25 de febrero apareci\u00f3\u00a0<strong>una manta colgada en un puente vehicular\u00a0<\/strong>en la colonia La Gloria, en la que se le exig\u00eda al grupo no presentarse en Mazatl\u00e1n.<\/p>\n<p>De acuerdo con los reportes, adem\u00e1s de la manta<strong>, se encontraron restos humanos en el interior de una hielera<\/strong>, por lo que al lugar arribaron elementos de diversas corporaciones de seguridad.<\/p>\n<p>Un d\u00eda despu\u00e9s, la\u00a0<strong>empresa Music VIP,\u00a0<\/strong>representante de la agrupaci\u00f3n,\u00a0<strong>public\u00f3 un comunicado para informar que se cancelaba el concierto en el carnaval<\/strong>. El principal motivo fue para proteger a todos los asistentes al evento.<\/p>\n","protected":false},"excerpt":{"rendered":"<p>Eduin Caz, vocalista del Grupo Firme, reapareci\u00f3 p\u00fablicamente y\u00a0ofreci\u00f3 declaraciones sobre la cancelaci\u00f3n de su concierto en el\u00a0Carnaval de Mazatl\u00e1n,\u00a0debido a una manta que amenazaba de muerte a la agrupaci\u00f3n si se presentaba en Sinaloa. El m\u00fasico acudi\u00f3 a su perfil de Instagram para dejar algunos puntos en claro, e informar que el resto de [&hellip;]<\/p>\n","protected":false},"author":2,"featured_media":210217,"comment_status":"closed","ping_status":"closed","sticky":false,"template":"","format":"standard","meta":{"footnotes":""},"categories":[12870,219],"tags":[12865,12875],"class_list":["post-210216","post","type-post","status-publish","format-standard","has-post-thumbnail","hentry","category-destacadas","category-espectaculos","tag-destacadas","tag-espectaculos"],"jetpack_featured_media_url":"https:\/\/rnoticias.com.mx\/Portal\/wp-content\/uploads\/2025\/02\/eduin-caz_5149771_20230731111200.jpg","amp_enabled":true,"_links":{"self":[{"href":"https:\/\/rnoticias.com.mx\/Portal\/wp-json\/wp\/v2\/posts\/210216","targetHints":{"allow":["GET"]}}],"collection":[{"href":"https:\/\/rnoticias.com.mx\/Portal\/wp-json\/wp\/v2\/posts"}],"about":[{"href":"https:\/\/rnoticias.com.mx\/Portal\/wp-json\/wp\/v2\/types\/post"}],"author":[{"embeddable":true,"href":"https:\/\/rnoticias.com.mx\/Portal\/wp-json\/wp\/v2\/users\/2"}],"replies":[{"embeddable":true,"href":"https:\/\/rnoticias.com.mx\/Portal\/wp-json\/wp\/v2\/comments?post=210216"}],"version-history":[{"count":1,"href":"https:\/\/rnoticias.com.mx\/Portal\/wp-json\/wp\/v2\/posts\/210216\/revisions"}],"predecessor-version":[{"id":210218,"href":"https:\/\/rnoticias.com.mx\/Portal\/wp-json\/wp\/v2\/posts\/210216\/revisions\/210218"}],"wp:featuredmedia":[{"embeddable":true,"href":"https:\/\/rnoticias.com.mx\/Portal\/wp-json\/wp\/v2\/media\/210217"}],"wp:attachment":[{"href":"https:\/\/rnoticias.com.mx\/Portal\/wp-json\/wp\/v2\/media?parent=210216"}],"wp:term":[{"taxonomy":"category","embeddable":true,"href":"https:\/\/rnoticias.com.mx\/Portal\/wp-json\/wp\/v2\/categories?post=210216"},{"taxonomy":"post_tag","embeddable":true,"href":"https:\/\/rnoticias.com.mx\/Portal\/wp-json\/wp\/v2\/tags?post=210216"}],"curies":[{"name":"wp","href":"https:\/\/api.w.org\/{rel}","templated":true}]}}