{"id":210210,"date":"2025-02-28T21:24:19","date_gmt":"2025-02-28T21:24:19","guid":{"rendered":"https:\/\/rnoticias.com.mx\/Portal\/?p=210210"},"modified":"2025-02-28T21:24:19","modified_gmt":"2025-02-28T21:24:19","slug":"capos-fueron-entregados-a-eu-por-seguridad-nacional-fiscal-de-mexico","status":"publish","type":"post","link":"https:\/\/rnoticias.com.mx\/Portal\/2025\/02\/28\/capos-fueron-entregados-a-eu-por-seguridad-nacional-fiscal-de-mexico\/","title":{"rendered":"Capos fueron entregados a EU por seguridad nacional: Fiscal de M\u00e9xico"},"content":{"rendered":"<p>Durante una conferencia de prensa, Alejandro Gertz Manero, fiscal General de M\u00e9xico, asegur\u00f3 que\u00a0<strong>los 29 narcotraficantes trasladados el jueves a Estados Unidos fueron entregados y no extraditados<\/strong>, pues la operaci\u00f3n se hizo de acuerdo con la Ley de Seguridad Nacional, que tiene m\u00e1s de 20 a\u00f1os, tras una solicitud del Gobierno de los Estados Unidos.<\/p>\n<p><mark><strong>&#8220;Esta es una solicitud de seguridad nacional que justificaron los Estados Unidos en raz\u00f3n de las conductas criminales de esas personas en ese pa\u00eds, que coinciden con los procedimientos y los conocimientos que tenemos de las pruebas sobre su conducta&#8221;<\/strong><\/mark>, refiri\u00f3 el funcionario este viernes.<\/p>\n<p>El jueves 27 de febrero, M\u00e9xico entreg\u00f3 a los capos que eran requeridos en Estados Unidos por sus v\u00ednculos con organizaciones criminales por tr\u00e1fico de drogas, entre otros delitos, entre los que se encontraban Rafael Caro Quintero, capo del Cartel de Guadalajara, as\u00ed como dos l\u00edderes de Los Zetas, Miguel \u00c1ngel y Omar Trevi\u00f1o Morales.<\/p>\n","protected":false},"excerpt":{"rendered":"<p>Durante una conferencia de prensa, Alejandro Gertz Manero, fiscal General de M\u00e9xico, asegur\u00f3 que\u00a0los 29 narcotraficantes trasladados el jueves a Estados Unidos fueron entregados y no extraditados, pues la operaci\u00f3n se hizo de acuerdo con la Ley de Seguridad Nacional, que tiene m\u00e1s de 20 a\u00f1os, tras una solicitud del Gobierno de los Estados Unidos. [&hellip;]<\/p>\n","protected":false},"author":2,"featured_media":210211,"comment_status":"closed","ping_status":"closed","sticky":false,"template":"","format":"standard","meta":{"footnotes":""},"categories":[12870,172],"tags":[12865,12874],"class_list":["post-210210","post","type-post","status-publish","format-standard","has-post-thumbnail","hentry","category-destacadas","category-nacional","tag-destacadas","tag-nacional"],"jetpack_featured_media_url":"https:\/\/rnoticias.com.mx\/Portal\/wp-content\/uploads\/2025\/02\/narcos-640x360-1.webp","amp_enabled":true,"_links":{"self":[{"href":"https:\/\/rnoticias.com.mx\/Portal\/wp-json\/wp\/v2\/posts\/210210","targetHints":{"allow":["GET"]}}],"collection":[{"href":"https:\/\/rnoticias.com.mx\/Portal\/wp-json\/wp\/v2\/posts"}],"about":[{"href":"https:\/\/rnoticias.com.mx\/Portal\/wp-json\/wp\/v2\/types\/post"}],"author":[{"embeddable":true,"href":"https:\/\/rnoticias.com.mx\/Portal\/wp-json\/wp\/v2\/users\/2"}],"replies":[{"embeddable":true,"href":"https:\/\/rnoticias.com.mx\/Portal\/wp-json\/wp\/v2\/comments?post=210210"}],"version-history":[{"count":1,"href":"https:\/\/rnoticias.com.mx\/Portal\/wp-json\/wp\/v2\/posts\/210210\/revisions"}],"predecessor-version":[{"id":210212,"href":"https:\/\/rnoticias.com.mx\/Portal\/wp-json\/wp\/v2\/posts\/210210\/revisions\/210212"}],"wp:featuredmedia":[{"embeddable":true,"href":"https:\/\/rnoticias.com.mx\/Portal\/wp-json\/wp\/v2\/media\/210211"}],"wp:attachment":[{"href":"https:\/\/rnoticias.com.mx\/Portal\/wp-json\/wp\/v2\/media?parent=210210"}],"wp:term":[{"taxonomy":"category","embeddable":true,"href":"https:\/\/rnoticias.com.mx\/Portal\/wp-json\/wp\/v2\/categories?post=210210"},{"taxonomy":"post_tag","embeddable":true,"href":"https:\/\/rnoticias.com.mx\/Portal\/wp-json\/wp\/v2\/tags?post=210210"}],"curies":[{"name":"wp","href":"https:\/\/api.w.org\/{rel}","templated":true}]}}