{"id":210113,"date":"2025-02-28T04:55:48","date_gmt":"2025-02-28T04:55:48","guid":{"rendered":"https:\/\/rnoticias.com.mx\/Portal\/?p=210113"},"modified":"2025-02-28T04:55:48","modified_gmt":"2025-02-28T04:55:48","slug":"comite-de-evaluacion-del-poder-legislativo-inicia-entrevistas-a-aspirantes-a-personas-juzgadoras-del-poder-judicial","status":"publish","type":"post","link":"https:\/\/rnoticias.com.mx\/Portal\/2025\/02\/28\/comite-de-evaluacion-del-poder-legislativo-inicia-entrevistas-a-aspirantes-a-personas-juzgadoras-del-poder-judicial\/","title":{"rendered":"Comit\u00e9 de Evaluaci\u00f3n del Poder Legislativo inicia entrevistas a aspirantes a personas juzgadoras del Poder Judicial"},"content":{"rendered":"<p>Hermosillo, Sonora; 27 de febrero de 2025.- El Comit\u00e9 de Evaluaci\u00f3n del Poder Legislativo dio inicio al primer segmento de entrevistas p\u00fablicas a ciudadanas y ciudadanos que aspiran a desempe\u00f1arse como personas juzgadoras en el Poder Judicial del Estado.<\/p>\n<p>En esta jornada participaron 23 aspirantes que buscan formar parte del Tribunal de Disciplina Judicial.<\/p>\n<p>Ren\u00e9 Luna Sugich, presidente del comit\u00e9, junto con los integrantes del mismo, Claudio Abraham Su\u00e1rez Moreno, Mar\u00eda Jes\u00fas Camargo Pacheco, Ram\u00f3n Alejandro Acosta Cortez y Emma Guadalupe Mill\u00e1n Castro, dieron a conocer la din\u00e1mica de las entrevistas. Cada postulante tuvo un espacio de tiempo para realizar su presentaci\u00f3n, exponer su ficha curricular, plantear sus propuestas y responder preguntas generales y espec\u00edficas relacionadas con el cargo.<\/p>\n<p>Las entrevistas para las magistraturas del Tribunal de Disciplina Judicial continuar\u00e1n el d\u00eda de ma\u00f1ana, viernes 28 de febrero, a partir de las 17:00 horas.<\/p>\n<p>A las y los participantes se les explic\u00f3 que, al finalizar el proceso, las entrevistas ser\u00e1n publicadas en el sitio web del comit\u00e9 y, a m\u00e1s tardar el 11 de marzo, se dar\u00e1 a conocer el listado de las personas mejor calificadas.<\/p>\n","protected":false},"excerpt":{"rendered":"<p>Hermosillo, Sonora; 27 de febrero de 2025.- El Comit\u00e9 de Evaluaci\u00f3n del Poder Legislativo dio inicio al primer segmento de entrevistas p\u00fablicas a ciudadanas y ciudadanos que aspiran a desempe\u00f1arse como personas juzgadoras en el Poder Judicial del Estado. En esta jornada participaron 23 aspirantes que buscan formar parte del Tribunal de Disciplina Judicial. Ren\u00e9 [&hellip;]<\/p>\n","protected":false},"author":2,"featured_media":210114,"comment_status":"closed","ping_status":"closed","sticky":false,"template":"","format":"standard","meta":{"footnotes":""},"categories":[12870,12868],"tags":[12877,12865],"class_list":["post-210113","post","type-post","status-publish","format-standard","has-post-thumbnail","hentry","category-destacadas","category-politica","tag-congreso-del-estado","tag-destacadas"],"jetpack_featured_media_url":"https:\/\/rnoticias.com.mx\/Portal\/wp-content\/uploads\/2025\/02\/1970f4ec-7bdf-48cd-b5b6-11931ad55992.jpg","amp_enabled":true,"_links":{"self":[{"href":"https:\/\/rnoticias.com.mx\/Portal\/wp-json\/wp\/v2\/posts\/210113","targetHints":{"allow":["GET"]}}],"collection":[{"href":"https:\/\/rnoticias.com.mx\/Portal\/wp-json\/wp\/v2\/posts"}],"about":[{"href":"https:\/\/rnoticias.com.mx\/Portal\/wp-json\/wp\/v2\/types\/post"}],"author":[{"embeddable":true,"href":"https:\/\/rnoticias.com.mx\/Portal\/wp-json\/wp\/v2\/users\/2"}],"replies":[{"embeddable":true,"href":"https:\/\/rnoticias.com.mx\/Portal\/wp-json\/wp\/v2\/comments?post=210113"}],"version-history":[{"count":2,"href":"https:\/\/rnoticias.com.mx\/Portal\/wp-json\/wp\/v2\/posts\/210113\/revisions"}],"predecessor-version":[{"id":210116,"href":"https:\/\/rnoticias.com.mx\/Portal\/wp-json\/wp\/v2\/posts\/210113\/revisions\/210116"}],"wp:featuredmedia":[{"embeddable":true,"href":"https:\/\/rnoticias.com.mx\/Portal\/wp-json\/wp\/v2\/media\/210114"}],"wp:attachment":[{"href":"https:\/\/rnoticias.com.mx\/Portal\/wp-json\/wp\/v2\/media?parent=210113"}],"wp:term":[{"taxonomy":"category","embeddable":true,"href":"https:\/\/rnoticias.com.mx\/Portal\/wp-json\/wp\/v2\/categories?post=210113"},{"taxonomy":"post_tag","embeddable":true,"href":"https:\/\/rnoticias.com.mx\/Portal\/wp-json\/wp\/v2\/tags?post=210113"}],"curies":[{"name":"wp","href":"https:\/\/api.w.org\/{rel}","templated":true}]}}