{"id":210107,"date":"2025-02-28T02:24:53","date_gmt":"2025-02-28T02:24:53","guid":{"rendered":"https:\/\/rnoticias.com.mx\/Portal\/?p=210107"},"modified":"2025-02-28T02:24:53","modified_gmt":"2025-02-28T02:24:53","slug":"se-discute-en-el-congreso-de-sonora-la-mitigacion-del-cambio-climatico-en-el-presupuesto-de-egresos","status":"publish","type":"post","link":"https:\/\/rnoticias.com.mx\/Portal\/2025\/02\/28\/se-discute-en-el-congreso-de-sonora-la-mitigacion-del-cambio-climatico-en-el-presupuesto-de-egresos\/","title":{"rendered":"Se discute en el Congreso de Sonora la mitigaci\u00f3n del cambio clim\u00e1tico en el Presupuesto de Egresos"},"content":{"rendered":"<p>Hermosillo, Sonora; 27 de febrero de 2025.- Con el prop\u00f3sito de recabar opiniones y propuestas en torno a la iniciativa que modifica la Ley del Presupuesto de Egresos y Gasto P\u00fablico Estatal, la Comisi\u00f3n de Hacienda del Congreso de Sonora organiz\u00f3 un foro de consulta con la participaci\u00f3n de representantes de diversas organizaciones civiles e instituciones de gobierno.<\/p>\n<p>Al iniciar los trabajos, el diputado Omar Del Valle Colosio (PVEM), proponente de la iniciativa, destac\u00f3 que esta busca que los proyectos de presupuestos de egresos incluyan un anexo transversal que contemple, de manera espec\u00edfica, las previsiones de gasto destinadas a la adaptaci\u00f3n y mitigaci\u00f3n de los efectos del cambio clim\u00e1tico.<\/p>\n<p>Indic\u00f3 que, con esta modificaci\u00f3n, las pol\u00edticas p\u00fablicas y la asignaci\u00f3n de recursos podr\u00e1n estar alineadas con estrategias sostenibles y responsables con el medio ambiente.<\/p>\n<p>Durante el foro, activistas, representantes de la sociedad civil y personas servidoras p\u00fablicas subrayaron la importancia de incorporar medidas concretas en la planeaci\u00f3n presupuestal, dirigidas a enfrentar los desaf\u00edos ambientales que afectan al estado, como el incremento de las temperaturas, las sequ\u00edas y otros fen\u00f3menos meteorol\u00f3gicos.<\/p>\n<p>La diputada Elia Sallard Hern\u00e1ndez (Morena), presidenta de la Comisi\u00f3n de Hacienda, indic\u00f3 que se continuar\u00e1 con el an\u00e1lisis de las propuestas recibidas para enriquecer el dictamen y avanzar en la consolidaci\u00f3n de un presupuesto de egresos con enfoque sustentable para el estado.<\/p>\n<p>Las propuestas seguir\u00e1n siendo recibidas hasta las 20:00 horas del domingo 2 de marzo de 2025, mismas que podr\u00e1n ser enviadas de forma electr\u00f3nica al correo institucional elia.sallard@congresoson.gob.mx, en un archivo de Word, o bien entregarse en formato impreso en la Oficial\u00eda de Partes del Congreso del Estado.<\/p>\n<p>Asistentes:<\/p>\n<p>Carlos Zatarain Gonz\u00e1lez, comisionado de Ecolog\u00eda y Desarrollo Sustentable del Estado de Sonora (CEDES); Perla Alday Lara, procuradora Ambiental del Estado de Sonora (PROAES).<\/p>\n<p>Tambi\u00e9n estuvieron presentes la diputada Claudia Zulema Bours (PVEM) y los diputados Ren\u00e9 Garc\u00eda Rojo (PT), Ferm\u00edn Trujillo Fuentes (NAS), Jes\u00fas Tadeo Mend\u00edvil (Morena) y Ra\u00fal Gonz\u00e1lez de la Vega.<\/p>\n","protected":false},"excerpt":{"rendered":"<p>Hermosillo, Sonora; 27 de febrero de 2025.- Con el prop\u00f3sito de recabar opiniones y propuestas en torno a la iniciativa que modifica la Ley del Presupuesto de Egresos y Gasto P\u00fablico Estatal, la Comisi\u00f3n de Hacienda del Congreso de Sonora organiz\u00f3 un foro de consulta con la participaci\u00f3n de representantes de diversas organizaciones civiles e [&hellip;]<\/p>\n","protected":false},"author":2,"featured_media":210108,"comment_status":"closed","ping_status":"closed","sticky":false,"template":"","format":"standard","meta":{"footnotes":""},"categories":[12870,12868],"tags":[12877,12865],"class_list":["post-210107","post","type-post","status-publish","format-standard","has-post-thumbnail","hentry","category-destacadas","category-politica","tag-congreso-del-estado","tag-destacadas"],"jetpack_featured_media_url":"https:\/\/rnoticias.com.mx\/Portal\/wp-content\/uploads\/2025\/02\/836077cd-1978-4510-958c-d0fa75d8cbd1.jpg","amp_enabled":true,"_links":{"self":[{"href":"https:\/\/rnoticias.com.mx\/Portal\/wp-json\/wp\/v2\/posts\/210107","targetHints":{"allow":["GET"]}}],"collection":[{"href":"https:\/\/rnoticias.com.mx\/Portal\/wp-json\/wp\/v2\/posts"}],"about":[{"href":"https:\/\/rnoticias.com.mx\/Portal\/wp-json\/wp\/v2\/types\/post"}],"author":[{"embeddable":true,"href":"https:\/\/rnoticias.com.mx\/Portal\/wp-json\/wp\/v2\/users\/2"}],"replies":[{"embeddable":true,"href":"https:\/\/rnoticias.com.mx\/Portal\/wp-json\/wp\/v2\/comments?post=210107"}],"version-history":[{"count":1,"href":"https:\/\/rnoticias.com.mx\/Portal\/wp-json\/wp\/v2\/posts\/210107\/revisions"}],"predecessor-version":[{"id":210109,"href":"https:\/\/rnoticias.com.mx\/Portal\/wp-json\/wp\/v2\/posts\/210107\/revisions\/210109"}],"wp:featuredmedia":[{"embeddable":true,"href":"https:\/\/rnoticias.com.mx\/Portal\/wp-json\/wp\/v2\/media\/210108"}],"wp:attachment":[{"href":"https:\/\/rnoticias.com.mx\/Portal\/wp-json\/wp\/v2\/media?parent=210107"}],"wp:term":[{"taxonomy":"category","embeddable":true,"href":"https:\/\/rnoticias.com.mx\/Portal\/wp-json\/wp\/v2\/categories?post=210107"},{"taxonomy":"post_tag","embeddable":true,"href":"https:\/\/rnoticias.com.mx\/Portal\/wp-json\/wp\/v2\/tags?post=210107"}],"curies":[{"name":"wp","href":"https:\/\/api.w.org\/{rel}","templated":true}]}}