{"id":210104,"date":"2025-02-28T02:24:02","date_gmt":"2025-02-28T02:24:02","guid":{"rendered":"https:\/\/rnoticias.com.mx\/Portal\/?p=210104"},"modified":"2025-02-28T02:24:02","modified_gmt":"2025-02-28T02:24:02","slug":"diputada-gabriela-tapia-fonllem-apoya-al-movimiento-magisterial-contra-la-reforma-al-issste","status":"publish","type":"post","link":"https:\/\/rnoticias.com.mx\/Portal\/2025\/02\/28\/diputada-gabriela-tapia-fonllem-apoya-al-movimiento-magisterial-contra-la-reforma-al-issste\/","title":{"rendered":"Diputada Gabriela Tapia Fonllem apoya al movimiento magisterial contra la reforma al Issste"},"content":{"rendered":"<p>Hermosillo, Sonora; 27 de febrero de 2025.- La diputada Gabriela Tapia Fonllem present\u00f3 un posicionamiento ante el Pleno del Congreso de Sonora en apoyo al movimiento magisterial en contra de la reforma a la Ley del Instituto de Seguridad y Servicios Sociales de los Trabajadores del Estado (Issste), impulsada recientemente por la presidenta de M\u00e9xico, Claudia Sheinbaum.<\/p>\n<p>La representante parlamentaria del Partido de la Revoluci\u00f3n Democr\u00e1tica (PRD) expres\u00f3 su solidaridad con los profesores del Sindicato Nacional de los Trabajadores de la Educaci\u00f3n (SNTE) en Sonora y a nivel nacional, y reiter\u00f3 su apoyo a aquellos que rechazan la iniciativa presentada el pasado 7 de febrero.<\/p>\n<p>&#8220;Quienes venimos del magisterio entendemos profundamente lo desgastante que es ejercer la docencia. Sabemos lo que implica en t\u00e9rminos psicol\u00f3gicos, mentales y f\u00edsicos. Por eso comprendo sus angustias, malestares, enojo y su disposici\u00f3n a manifestarse, ya sea parando labores, organizando caravanas de autos como la que tuvo lugar ayer en Hermosillo, o utilizando otras formas de protesta para ser escuchados y defender sus derechos laborales&#8221;, coment\u00f3 Tapia Fonllem.<\/p>\n<p>La diputada explic\u00f3 que la reforma al Issste tiene antecedentes, entre ellos las promesas de campa\u00f1a de la presidenta Sheinbaum, quien hab\u00eda asegurado en su candidatura que derrocar\u00eda la reforma da\u00f1ina realizada al instituto en 2007. Adem\u00e1s, mencion\u00f3 los 25 puntos propuestos por su director general, Mart\u00ed Batres Guadarrama, el pasado 14 de enero de 2025.<\/p>\n<p>Tapia Fonllem tambi\u00e9n destac\u00f3 la esperanza que el magisterio deposit\u00f3 en la promesa de Sheinbaum de regresar al esquema de pensiones basado en el salario m\u00ednimo, eliminando las Unidad de Medida y Actualizaci\u00f3n (UMAS) que afectaban el monto de las pensiones. Adem\u00e1s, record\u00f3 que las y los docentes esperaban que se restableciera el c\u00e1lculo de a\u00f1os de servicio a 28 a\u00f1os para mujeres y 30 para hombres.<\/p>\n<p>En cuanto a la reforma, la diputada se\u00f1al\u00f3 que el magisterio se opone a la propuesta que establece como requisito para pensionarse el cumplir 60 a\u00f1os de edad. &#8220;Esto implica que una maestra que haya comenzado su carrera a los 25 a\u00f1os tendr\u00eda que trabajar siete a\u00f1os m\u00e1s, despu\u00e9s de haber laborado durante 28 a\u00f1os, solo para poder acceder a su pensi\u00f3n&#8221;, explic\u00f3.<\/p>\n<p>Tapia Fonllem tambi\u00e9n hizo referencia a las constantes quejas de personas pensionadas, jubiladas y trabajadoras activas sobre los malos servicios y la falta de medicamentos proporcionados por el instituto, as\u00ed como las deficiencias acumuladas a lo largo de los a\u00f1os.<\/p>\n<p>Finalmente, la diputada reiter\u00f3 su apoyo al magisterio, especialmente a las maestras, quienes suelen enfrentar mayores dificultades para manifestarse: &#8220;Les env\u00edo un fuerte abrazo a todas mis compa\u00f1eras maestras, que siempre tienen m\u00e1s obst\u00e1culos, pero tambi\u00e9n un gran compromiso y disposici\u00f3n para luchar&#8221;, concluy\u00f3.<\/p>\n","protected":false},"excerpt":{"rendered":"<p>Hermosillo, Sonora; 27 de febrero de 2025.- La diputada Gabriela Tapia Fonllem present\u00f3 un posicionamiento ante el Pleno del Congreso de Sonora en apoyo al movimiento magisterial en contra de la reforma a la Ley del Instituto de Seguridad y Servicios Sociales de los Trabajadores del Estado (Issste), impulsada recientemente por la presidenta de M\u00e9xico, [&hellip;]<\/p>\n","protected":false},"author":2,"featured_media":210105,"comment_status":"closed","ping_status":"closed","sticky":false,"template":"","format":"standard","meta":{"footnotes":""},"categories":[12870,12868],"tags":[12877,12865],"class_list":["post-210104","post","type-post","status-publish","format-standard","has-post-thumbnail","hentry","category-destacadas","category-politica","tag-congreso-del-estado","tag-destacadas"],"jetpack_featured_media_url":"https:\/\/rnoticias.com.mx\/Portal\/wp-content\/uploads\/2025\/02\/f821af2f-2191-4db8-a802-f832fcb57e7f.jpg","amp_enabled":true,"_links":{"self":[{"href":"https:\/\/rnoticias.com.mx\/Portal\/wp-json\/wp\/v2\/posts\/210104","targetHints":{"allow":["GET"]}}],"collection":[{"href":"https:\/\/rnoticias.com.mx\/Portal\/wp-json\/wp\/v2\/posts"}],"about":[{"href":"https:\/\/rnoticias.com.mx\/Portal\/wp-json\/wp\/v2\/types\/post"}],"author":[{"embeddable":true,"href":"https:\/\/rnoticias.com.mx\/Portal\/wp-json\/wp\/v2\/users\/2"}],"replies":[{"embeddable":true,"href":"https:\/\/rnoticias.com.mx\/Portal\/wp-json\/wp\/v2\/comments?post=210104"}],"version-history":[{"count":1,"href":"https:\/\/rnoticias.com.mx\/Portal\/wp-json\/wp\/v2\/posts\/210104\/revisions"}],"predecessor-version":[{"id":210106,"href":"https:\/\/rnoticias.com.mx\/Portal\/wp-json\/wp\/v2\/posts\/210104\/revisions\/210106"}],"wp:featuredmedia":[{"embeddable":true,"href":"https:\/\/rnoticias.com.mx\/Portal\/wp-json\/wp\/v2\/media\/210105"}],"wp:attachment":[{"href":"https:\/\/rnoticias.com.mx\/Portal\/wp-json\/wp\/v2\/media?parent=210104"}],"wp:term":[{"taxonomy":"category","embeddable":true,"href":"https:\/\/rnoticias.com.mx\/Portal\/wp-json\/wp\/v2\/categories?post=210104"},{"taxonomy":"post_tag","embeddable":true,"href":"https:\/\/rnoticias.com.mx\/Portal\/wp-json\/wp\/v2\/tags?post=210104"}],"curies":[{"name":"wp","href":"https:\/\/api.w.org\/{rel}","templated":true}]}}