{"id":210098,"date":"2025-02-28T02:01:28","date_gmt":"2025-02-28T02:01:28","guid":{"rendered":"https:\/\/rnoticias.com.mx\/Portal\/?p=210098"},"modified":"2025-02-28T02:01:28","modified_gmt":"2025-02-28T02:01:28","slug":"invitan-al-desayuno-con-causa-pro-fiesta-de-los-libros-2025","status":"publish","type":"post","link":"https:\/\/rnoticias.com.mx\/Portal\/2025\/02\/28\/invitan-al-desayuno-con-causa-pro-fiesta-de-los-libros-2025\/","title":{"rendered":"INVITAN AL DESAYUNO CON CAUSA PRO FIESTA DE LOS LIBROS 2025"},"content":{"rendered":"<p>Con el objetivo de recaudar fondos para la realizaci\u00f3n de la XXIV Feria del Libro Infantil y Juvenil se convoca a la ciudadan\u00eda a apoyar participando en el Desayuno con Causa a realizarse el 1 de marzo en las instalaciones del restaurante La Komuniila, a partir de las 8 de la ma\u00f1ana.<\/p>\n<p>Silvia Bola\u00f1os, consejera de Ania Sewua inform\u00f3 que los fondos que se recauden ser\u00e1n utilizados en los gastos operativos y de log\u00edstica del evento.<\/p>\n<p>Indic\u00f3 que la cuota de cooperaci\u00f3n es de 300 pesos e incluye un desayuno completo; adem\u00e1s habr\u00e1 regalos para los asistentes; un excelente ambiente y convivencia con las y los escritores de Ciudad Obreg\u00f3n.<\/p>\n<p>Los boletos se pueden adquirir desde hoy hasta el 28 de febrero en las oficinas de Ania Sewua en calle Veracruz n\u00famero 467 entre Morelos y Yaqui, de 9 de la ma\u00f1ana a las 3 de la tarde.<\/p>\n<p>La feria del libro, conocida como La Fiesta de los Libros, agrupa a escritores, editoriales, artistas y artesanos de la regi\u00f3n con el objetivo de dar visibilidad a sus diversos productos culturales.<\/p>\n<p>El evento es organizado por la asociaci\u00f3n civil sin fines de lucro Ania Sewua en colaboraci\u00f3n con instituciones y organizaciones.<\/p>\n<p>La edici\u00f3n XXIV de la Fiesta de los Libros se realizar\u00e1, en esta ocasi\u00f3n, en el Centro Cultural Yo\u00b4o Joara, ubicado en la comisar\u00eda de C\u00f3corit correspondiente al municipio de Cajeme, Sonora del 21 al 23 de marzo de este a\u00f1o.<\/p>\n<p>Cabe destacar que cada a\u00f1o se realizan dos ediciones de la Fiesta de los Libros, la segunda de este a\u00f1o se llevar\u00e1 a cabo en la plaza \u00c1lvaro Obreg\u00f3n del 7 al 9 de noviembre de 2025.<\/p>\n<p>Para m\u00e1s informaci\u00f3n puede llamar al celular 644 122 33 50 y consulte nuestras redes sociales @LaFiestaDeLosLibrosCajeme<\/p>\n","protected":false},"excerpt":{"rendered":"<p>Con el objetivo de recaudar fondos para la realizaci\u00f3n de la XXIV Feria del Libro Infantil y Juvenil se convoca a la ciudadan\u00eda a apoyar participando en el Desayuno con Causa a realizarse el 1 de marzo en las instalaciones del restaurante La Komuniila, a partir de las 8 de la ma\u00f1ana. Silvia Bola\u00f1os, consejera [&hellip;]<\/p>\n","protected":false},"author":2,"featured_media":210099,"comment_status":"closed","ping_status":"closed","sticky":false,"template":"","format":"standard","meta":{"footnotes":""},"categories":[12870,174],"tags":[12865,12873],"class_list":["post-210098","post","type-post","status-publish","format-standard","has-post-thumbnail","hentry","category-destacadas","category-estatal","tag-destacadas","tag-estatal"],"jetpack_featured_media_url":"https:\/\/rnoticias.com.mx\/Portal\/wp-content\/uploads\/2025\/02\/1235e6f3-5561-4414-98c4-9abd36a1d558.jpg","amp_enabled":true,"_links":{"self":[{"href":"https:\/\/rnoticias.com.mx\/Portal\/wp-json\/wp\/v2\/posts\/210098","targetHints":{"allow":["GET"]}}],"collection":[{"href":"https:\/\/rnoticias.com.mx\/Portal\/wp-json\/wp\/v2\/posts"}],"about":[{"href":"https:\/\/rnoticias.com.mx\/Portal\/wp-json\/wp\/v2\/types\/post"}],"author":[{"embeddable":true,"href":"https:\/\/rnoticias.com.mx\/Portal\/wp-json\/wp\/v2\/users\/2"}],"replies":[{"embeddable":true,"href":"https:\/\/rnoticias.com.mx\/Portal\/wp-json\/wp\/v2\/comments?post=210098"}],"version-history":[{"count":1,"href":"https:\/\/rnoticias.com.mx\/Portal\/wp-json\/wp\/v2\/posts\/210098\/revisions"}],"predecessor-version":[{"id":210100,"href":"https:\/\/rnoticias.com.mx\/Portal\/wp-json\/wp\/v2\/posts\/210098\/revisions\/210100"}],"wp:featuredmedia":[{"embeddable":true,"href":"https:\/\/rnoticias.com.mx\/Portal\/wp-json\/wp\/v2\/media\/210099"}],"wp:attachment":[{"href":"https:\/\/rnoticias.com.mx\/Portal\/wp-json\/wp\/v2\/media?parent=210098"}],"wp:term":[{"taxonomy":"category","embeddable":true,"href":"https:\/\/rnoticias.com.mx\/Portal\/wp-json\/wp\/v2\/categories?post=210098"},{"taxonomy":"post_tag","embeddable":true,"href":"https:\/\/rnoticias.com.mx\/Portal\/wp-json\/wp\/v2\/tags?post=210098"}],"curies":[{"name":"wp","href":"https:\/\/api.w.org\/{rel}","templated":true}]}}