{"id":210089,"date":"2025-02-28T01:20:50","date_gmt":"2025-02-28T01:20:50","guid":{"rendered":"https:\/\/rnoticias.com.mx\/Portal\/?p=210089"},"modified":"2025-02-28T01:20:50","modified_gmt":"2025-02-28T01:20:50","slug":"fortalece-gobierno-de-sonora-acciones-para-la-participacion-politica-de-las-mujeres-sonorenses","status":"publish","type":"post","link":"https:\/\/rnoticias.com.mx\/Portal\/2025\/02\/28\/fortalece-gobierno-de-sonora-acciones-para-la-participacion-politica-de-las-mujeres-sonorenses\/","title":{"rendered":"Fortalece Gobierno de Sonora acciones para la participaci\u00f3n pol\u00edtica de las mujeres sonorenses"},"content":{"rendered":"<table class=\"m_-7945944577950992406layout\" border=\"0\" width=\"100%\" cellspacing=\"0\" cellpadding=\"0\">\n<tbody>\n<tr>\n<td class=\"m_-7945944577950992406column m_-7945944577950992406scale m_-7945944577950992406stack\" align=\"center\" valign=\"top\">\n<table class=\"m_-7945944577950992406text\" border=\"0\" width=\"100%\" cellspacing=\"0\" cellpadding=\"0\">\n<tbody>\n<tr>\n<td class=\"m_-7945944577950992406text_content-cell m_-7945944577950992406content-padding-horizontal\" align=\"center\" valign=\"top\">\n<p align=\"left\">Hermosillo, Sonora; 27 de febrero de 2025.- La Secretar\u00eda de las Mujeres en Sonora asume la presidencia del Observatorio de Participaci\u00f3n Pol\u00edtica de las Mujeres para fortalecer e impulsar la participaci\u00f3n pol\u00edtica de las sonorenses en espacios de elecci\u00f3n popular y toma de decisiones.<\/p>\n<p align=\"left\">Sheila Hern\u00e1ndez Alcaraz, secretaria de las Mujeres, asegur\u00f3 que es fundamental seguir sumando esfuerzos entre instituciones para impulsar los liderazgos de las mujeres y as\u00ed tambi\u00e9n, seguir trabajando en acciones y programas para la igualdad sustantiva entre mujeres y hombres, la prevenci\u00f3n de la violencia pol\u00edtica en raz\u00f3n de g\u00e9nero y la no discriminaci\u00f3n.<\/p>\n<p align=\"left\">\u201cReconocemos que es crucial implementar pol\u00edticas p\u00fablicas con perspectiva de g\u00e9nero, ya que esto permite reconocer y abordar las diferentes realidades que vivimos las mujeres en el pa\u00eds, incorporando sus demandas en las agendas p\u00fablicas\u201d.<\/p>\n<p align=\"left\">El secretario de Gobierno, Adolfo Salazar Razo le tom\u00f3 protesta a la nueva presidencia del Observatorio, quien adem\u00e1s record\u00f3 el compromiso del Gobernador Alfonso Durazo por fortalecer la agenda de las mujeres en la entidad y empoderarlas en la vida p\u00fablica del estado.<\/p>\n<p align=\"left\">\u201cTenemos que demostrar a todo nuestro pueblo que ha llegado el tiempo de las mujeres, no para un tiempo o un momento, lleg\u00f3 para establecerse, para consolidarse\u201d, asegur\u00f3.<\/p>\n<p align=\"left\">En el evento estuvieron presentes tambi\u00e9n las y los titulares de los organismos permanentes del OPPM como el Tribunal Estatal Electoral, el Instituto Estatal Electoral y de Participaci\u00f3n Ciudadana, la Fiscal\u00eda de Delitos Electorales y como integrante estrat\u00e9gica, la Red de Mujeres en Plural, presidida por Olga Hayde\u00e9 Flores Vel\u00e1squez y la Comisi\u00f3n para la Igualdad de G\u00e9nero, del Congreso del Estado, presidida por la diputada Alicia Gayt\u00e1n S\u00e1nchez.<\/p>\n<\/td>\n<\/tr>\n<\/tbody>\n<\/table>\n<\/td>\n<\/tr>\n<\/tbody>\n<\/table>\n<table class=\"m_-7945944577950992406layout\" border=\"0\" width=\"100%\" cellspacing=\"0\" cellpadding=\"0\">\n<tbody>\n<tr>\n<td class=\"m_-7945944577950992406column m_-7945944577950992406scale m_-7945944577950992406stack\" align=\"center\" valign=\"top\"><\/td>\n<\/tr>\n<\/tbody>\n<\/table>\n","protected":false},"excerpt":{"rendered":"<p>Hermosillo, Sonora; 27 de febrero de 2025.- La Secretar\u00eda de las Mujeres en Sonora asume la presidencia del Observatorio de Participaci\u00f3n Pol\u00edtica de las Mujeres para fortalecer e impulsar la participaci\u00f3n pol\u00edtica de las sonorenses en espacios de elecci\u00f3n popular y toma de decisiones. Sheila Hern\u00e1ndez Alcaraz, secretaria de las Mujeres, asegur\u00f3 que es fundamental [&hellip;]<\/p>\n","protected":false},"author":2,"featured_media":210090,"comment_status":"closed","ping_status":"closed","sticky":false,"template":"","format":"standard","meta":{"footnotes":""},"categories":[12870,178],"tags":[12865,12869],"class_list":["post-210089","post","type-post","status-publish","format-standard","has-post-thumbnail","hentry","category-destacadas","category-local","tag-destacadas","tag-local"],"jetpack_featured_media_url":"https:\/\/rnoticias.com.mx\/Portal\/wp-content\/uploads\/2025\/02\/unnamed-2-19.jpg","amp_enabled":true,"_links":{"self":[{"href":"https:\/\/rnoticias.com.mx\/Portal\/wp-json\/wp\/v2\/posts\/210089","targetHints":{"allow":["GET"]}}],"collection":[{"href":"https:\/\/rnoticias.com.mx\/Portal\/wp-json\/wp\/v2\/posts"}],"about":[{"href":"https:\/\/rnoticias.com.mx\/Portal\/wp-json\/wp\/v2\/types\/post"}],"author":[{"embeddable":true,"href":"https:\/\/rnoticias.com.mx\/Portal\/wp-json\/wp\/v2\/users\/2"}],"replies":[{"embeddable":true,"href":"https:\/\/rnoticias.com.mx\/Portal\/wp-json\/wp\/v2\/comments?post=210089"}],"version-history":[{"count":1,"href":"https:\/\/rnoticias.com.mx\/Portal\/wp-json\/wp\/v2\/posts\/210089\/revisions"}],"predecessor-version":[{"id":210091,"href":"https:\/\/rnoticias.com.mx\/Portal\/wp-json\/wp\/v2\/posts\/210089\/revisions\/210091"}],"wp:featuredmedia":[{"embeddable":true,"href":"https:\/\/rnoticias.com.mx\/Portal\/wp-json\/wp\/v2\/media\/210090"}],"wp:attachment":[{"href":"https:\/\/rnoticias.com.mx\/Portal\/wp-json\/wp\/v2\/media?parent=210089"}],"wp:term":[{"taxonomy":"category","embeddable":true,"href":"https:\/\/rnoticias.com.mx\/Portal\/wp-json\/wp\/v2\/categories?post=210089"},{"taxonomy":"post_tag","embeddable":true,"href":"https:\/\/rnoticias.com.mx\/Portal\/wp-json\/wp\/v2\/tags?post=210089"}],"curies":[{"name":"wp","href":"https:\/\/api.w.org\/{rel}","templated":true}]}}