{"id":210086,"date":"2025-02-28T00:43:12","date_gmt":"2025-02-28T00:43:12","guid":{"rendered":"https:\/\/rnoticias.com.mx\/Portal\/?p=210086"},"modified":"2025-02-28T00:43:12","modified_gmt":"2025-02-28T00:43:12","slug":"iee-sonora-designa-nueva-titular-de-la-direccion-ejecutiva-de-asuntos-juridicos","status":"publish","type":"post","link":"https:\/\/rnoticias.com.mx\/Portal\/2025\/02\/28\/iee-sonora-designa-nueva-titular-de-la-direccion-ejecutiva-de-asuntos-juridicos\/","title":{"rendered":"IEE Sonora designa nueva titular de la Direcci\u00f3n Ejecutiva de Asuntos Jur\u00eddicos"},"content":{"rendered":"<p class=\"x_MsoNormal\"><span data-olk-copy-source=\"MessageBody\">El Consejo General del Instituto Estatal Electoral y de Participaci\u00f3n Ciudadana (IEE Sonora) aprob\u00f3 la designaci\u00f3n de la Mtra. Veznna Lily Urbina Mladosich, como titular de la Direcci\u00f3n Ejecutiva de Asuntos Jur\u00eddicos.<\/span><\/p>\n<p class=\"x_MsoNormal\">Esta designaci\u00f3n responde a la necesidad de fortalecer la estructura administrativa del \u00f3rgano electoral, tras la reciente integraci\u00f3n del Consejo General, derivada del nombramiento de la consejera electoral Flor Terecita Barcel\u00f3 Noriega y los consejeros\u00a0 electorales Jaime Olea Miranda y Wilfredo Rom\u00e1n Morales Silva.<\/p>\n<p class=\"x_MsoNormal\">La Mtra. Urbina Mladosich asume el cargo en un momento clave, ya que esta \u00e1rea es responsable de garantizar el cumplimiento de la normatividad electoral, brindar asesor\u00eda jur\u00eddica, sustanciar y tramitar los\u00a0 medios de impugnaci\u00f3n, as\u00ed como coordinar la atenci\u00f3n de los asuntos legales relacionados con los procesos electorales<\/p>\n<p class=\"x_MsoNormal\">Luego de la renuncia de la anterior titular, el Consejo General llev\u00f3 a cabo un procedimiento de evaluaci\u00f3n y entrevistas para la designaci\u00f3n de la nueva titular, en el cual se determin\u00f3 que Urbina Mladosich cumple con los requisitos legales y es id\u00f3nea para desempe\u00f1ar las funciones encomendadas.<\/p>\n<p class=\"x_MsoNormal\">\n<p class=\"x_MsoNormal\">Con esta decisi\u00f3n, el IEE Sonora fortalece su estructura administrativa para continuar garantizando el cumplimiento de los principios rectores en materia electoral en el estado.<\/p>\n<p class=\"x_MsoNormal\">\n<p class=\"x_MsoNormal\">En la sesi\u00f3n estuvieron presentes el consejero presidente, Nery Ruiz Arvizu; las consejeras electorales Alma Lorena Alonso Valdivia, Linda Viridiana Calder\u00f3n Monta\u00f1o y Flor Terecita Barcel\u00f3 Noriega; as\u00ed como los consejeros Benjam\u00edn Hern\u00e1ndez \u00c1valos, Wilfredo Rom\u00e1n Morales Silva y Jaime Olea Miranda, adem\u00e1s del secretario ejecutivo, Fernando Chapetti Siordia y las representaciones partidistas.<\/p>\n","protected":false},"excerpt":{"rendered":"<p>El Consejo General del Instituto Estatal Electoral y de Participaci\u00f3n Ciudadana (IEE Sonora) aprob\u00f3 la designaci\u00f3n de la Mtra. Veznna Lily Urbina Mladosich, como titular de la Direcci\u00f3n Ejecutiva de Asuntos Jur\u00eddicos. Esta designaci\u00f3n responde a la necesidad de fortalecer la estructura administrativa del \u00f3rgano electoral, tras la reciente integraci\u00f3n del Consejo General, derivada del [&hellip;]<\/p>\n","protected":false},"author":2,"featured_media":210087,"comment_status":"closed","ping_status":"closed","sticky":false,"template":"","format":"standard","meta":{"footnotes":""},"categories":[12870,178],"tags":[12865,12869],"class_list":["post-210086","post","type-post","status-publish","format-standard","has-post-thumbnail","hentry","category-destacadas","category-local","tag-destacadas","tag-local"],"jetpack_featured_media_url":"https:\/\/rnoticias.com.mx\/Portal\/wp-content\/uploads\/2025\/02\/Foto-sesion-27-de-febrero_1.jpg","amp_enabled":true,"_links":{"self":[{"href":"https:\/\/rnoticias.com.mx\/Portal\/wp-json\/wp\/v2\/posts\/210086","targetHints":{"allow":["GET"]}}],"collection":[{"href":"https:\/\/rnoticias.com.mx\/Portal\/wp-json\/wp\/v2\/posts"}],"about":[{"href":"https:\/\/rnoticias.com.mx\/Portal\/wp-json\/wp\/v2\/types\/post"}],"author":[{"embeddable":true,"href":"https:\/\/rnoticias.com.mx\/Portal\/wp-json\/wp\/v2\/users\/2"}],"replies":[{"embeddable":true,"href":"https:\/\/rnoticias.com.mx\/Portal\/wp-json\/wp\/v2\/comments?post=210086"}],"version-history":[{"count":1,"href":"https:\/\/rnoticias.com.mx\/Portal\/wp-json\/wp\/v2\/posts\/210086\/revisions"}],"predecessor-version":[{"id":210088,"href":"https:\/\/rnoticias.com.mx\/Portal\/wp-json\/wp\/v2\/posts\/210086\/revisions\/210088"}],"wp:featuredmedia":[{"embeddable":true,"href":"https:\/\/rnoticias.com.mx\/Portal\/wp-json\/wp\/v2\/media\/210087"}],"wp:attachment":[{"href":"https:\/\/rnoticias.com.mx\/Portal\/wp-json\/wp\/v2\/media?parent=210086"}],"wp:term":[{"taxonomy":"category","embeddable":true,"href":"https:\/\/rnoticias.com.mx\/Portal\/wp-json\/wp\/v2\/categories?post=210086"},{"taxonomy":"post_tag","embeddable":true,"href":"https:\/\/rnoticias.com.mx\/Portal\/wp-json\/wp\/v2\/tags?post=210086"}],"curies":[{"name":"wp","href":"https:\/\/api.w.org\/{rel}","templated":true}]}}