{"id":210083,"date":"2025-02-28T00:41:49","date_gmt":"2025-02-28T00:41:49","guid":{"rendered":"https:\/\/rnoticias.com.mx\/Portal\/?p=210083"},"modified":"2025-02-28T00:41:49","modified_gmt":"2025-02-28T00:41:49","slug":"alumno-de-conalep-sonora-representara-a-mexico-en-campeonato-internacional-de-karate","status":"publish","type":"post","link":"https:\/\/rnoticias.com.mx\/Portal\/2025\/02\/28\/alumno-de-conalep-sonora-representara-a-mexico-en-campeonato-internacional-de-karate\/","title":{"rendered":"Alumno de Conalep Sonora representar\u00e1 a M\u00e9xico en campeonato internacional de karate"},"content":{"rendered":"<p align=\"left\">Hermosillo, Sonora; 27 de febrero de 2025.- Emmanuel Viera Hern\u00e1ndez, estudiante del Colegio de Educaci\u00f3n Profesional T\u00e9cnica del Estado de Sonora (Conalep), fue convocado por la Federaci\u00f3n de Karate M\u00e9xico WKF, para participar en el Centroamericano y del Caribe de Karate en Colombia, inform\u00f3, Luisa Cristina Rodr\u00edguez Ibarra.<\/p>\n<p align=\"left\">La directora general de Conalep Sonora indic\u00f3 que el joven, que cursa el segundo semestre en el plantel San Luis R\u00edo Colorado, formar\u00e1 parte de la Selecci\u00f3n Nacional y representar\u00e1 al pa\u00eds en la justa internaci\u00f3n que se llevar\u00e1 a cabo del 1 al 6 de abril.<\/p>\n<p align=\"left\">Precis\u00f3 que el joven sonorense, quien ha demostrado su talento, disciplina y pasi\u00f3n por el deporte, clasific\u00f3 para competir en la categor\u00eda junior elite varonil kumite individual en menos de 55.<\/p>\n<p align=\"left\">La funcionaria estatal a\u00f1adi\u00f3 que el alumno, de la carrera de aire acondicionado en dicho plantel, ha obtenido un sinf\u00edn de reconocimientos, entre los que destacan dos medallas de oro en el pasado Torneo Mundial Canad\u00e1 Open Karate Championship, celebrado en Vancouver, Canad\u00e1 a inicios del 2025.<\/p>\n<p align=\"left\">Finalmente, Rodr\u00edguez Ibarra felicit\u00f3 a los ocho karatecas sonorenses que participar\u00e1n en dicho campeonato centroamericano y agradeci\u00f3 a los senseis Emmanuel Viera Verd\u00edn y Cecilia Berenice Hern\u00e1ndez, por el gran desempe\u00f1o y dedicaci\u00f3n con todos los j\u00f3venes estudiantes que participan en dicha disciplina.<\/p>\n","protected":false},"excerpt":{"rendered":"<p>Hermosillo, Sonora; 27 de febrero de 2025.- Emmanuel Viera Hern\u00e1ndez, estudiante del Colegio de Educaci\u00f3n Profesional T\u00e9cnica del Estado de Sonora (Conalep), fue convocado por la Federaci\u00f3n de Karate M\u00e9xico WKF, para participar en el Centroamericano y del Caribe de Karate en Colombia, inform\u00f3, Luisa Cristina Rodr\u00edguez Ibarra. La directora general de Conalep Sonora indic\u00f3 [&hellip;]<\/p>\n","protected":false},"author":2,"featured_media":210084,"comment_status":"closed","ping_status":"closed","sticky":false,"template":"","format":"standard","meta":{"footnotes":""},"categories":[188,12870],"tags":[5231,12865],"class_list":["post-210083","post","type-post","status-publish","format-standard","has-post-thumbnail","hentry","category-deportes","category-destacadas","tag-deportes","tag-destacadas"],"jetpack_featured_media_url":"https:\/\/rnoticias.com.mx\/Portal\/wp-content\/uploads\/2025\/02\/unnamed-1-44.jpg","amp_enabled":true,"_links":{"self":[{"href":"https:\/\/rnoticias.com.mx\/Portal\/wp-json\/wp\/v2\/posts\/210083","targetHints":{"allow":["GET"]}}],"collection":[{"href":"https:\/\/rnoticias.com.mx\/Portal\/wp-json\/wp\/v2\/posts"}],"about":[{"href":"https:\/\/rnoticias.com.mx\/Portal\/wp-json\/wp\/v2\/types\/post"}],"author":[{"embeddable":true,"href":"https:\/\/rnoticias.com.mx\/Portal\/wp-json\/wp\/v2\/users\/2"}],"replies":[{"embeddable":true,"href":"https:\/\/rnoticias.com.mx\/Portal\/wp-json\/wp\/v2\/comments?post=210083"}],"version-history":[{"count":1,"href":"https:\/\/rnoticias.com.mx\/Portal\/wp-json\/wp\/v2\/posts\/210083\/revisions"}],"predecessor-version":[{"id":210085,"href":"https:\/\/rnoticias.com.mx\/Portal\/wp-json\/wp\/v2\/posts\/210083\/revisions\/210085"}],"wp:featuredmedia":[{"embeddable":true,"href":"https:\/\/rnoticias.com.mx\/Portal\/wp-json\/wp\/v2\/media\/210084"}],"wp:attachment":[{"href":"https:\/\/rnoticias.com.mx\/Portal\/wp-json\/wp\/v2\/media?parent=210083"}],"wp:term":[{"taxonomy":"category","embeddable":true,"href":"https:\/\/rnoticias.com.mx\/Portal\/wp-json\/wp\/v2\/categories?post=210083"},{"taxonomy":"post_tag","embeddable":true,"href":"https:\/\/rnoticias.com.mx\/Portal\/wp-json\/wp\/v2\/tags?post=210083"}],"curies":[{"name":"wp","href":"https:\/\/api.w.org\/{rel}","templated":true}]}}