{"id":210066,"date":"2025-02-27T23:21:54","date_gmt":"2025-02-27T23:21:54","guid":{"rendered":"https:\/\/rnoticias.com.mx\/Portal\/?p=210066"},"modified":"2025-02-27T23:21:54","modified_gmt":"2025-02-27T23:21:54","slug":"impulsa-gobernador-durazo-ampliacion-de-espacios-educativos-en-universidades-tecnologicas-sec","status":"publish","type":"post","link":"https:\/\/rnoticias.com.mx\/Portal\/2025\/02\/27\/impulsa-gobernador-durazo-ampliacion-de-espacios-educativos-en-universidades-tecnologicas-sec\/","title":{"rendered":"Impulsa Gobernador Durazo ampliaci\u00f3n de espacios educativos en Universidades Tecnol\u00f3gicas: SEC"},"content":{"rendered":"<p align=\"left\">Ciudad de M\u00e9xico; 27 de febrero de 2025.- Con la creaci\u00f3n de m\u00e1s de mil espacios en las Universidades Tecnol\u00f3gicas (UT\u2019s) de Sonora, el gobernador Alfonso Durazo contribuye a la estrategia nacional para incrementar la matr\u00edcula de educaci\u00f3n superior durante el per\u00edodo 2025-2030, destac\u00f3 la Secretar\u00eda de Educaci\u00f3n y Cultura (SEC).<\/p>\n<p align=\"left\">La dependencia educativa estatal inform\u00f3 que el subsecretario de Educaci\u00f3n Media Superior y Superior, Rodolfo Basurto \u00c1lvarez y rectores de seis de las siete UT\u2019s que operan en la entidad, participaron en la quinta sesi\u00f3n ordinaria del Consejo de Universidades del Subsistema Tecnol\u00f3gico (CUST) y la primera Reuni\u00f3n Nacional de Rectoras y Rectores 2025.<\/p>\n<p align=\"left\">Durante el evento encabezado por el titular de la Secretar\u00eda de Educaci\u00f3n P\u00fablica (SEP), Mario Delgado Carrillo, el funcionario estatal expuso que en Sonora se crear\u00e1n mil 361 nuevos espacios en las instituciones que conforman parte del subsistema de Universidades Tecnol\u00f3gicas y Polit\u00e9cnicas.<\/p>\n<p align=\"left\">Los representantes de la entidad en dicho encuentro refrendaron el compromiso del Gobernador Durazo con la generaci\u00f3n de un mayor n\u00famero de oportunidades para que los j\u00f3venes tengan acceso a la educaci\u00f3n superior.<\/p>\n<p align=\"left\">Participaron en la reuni\u00f3n nacional los rectores de las Universidades Tecnol\u00f3gicas de Etchojoa (UTE), Jos\u00e9 F\u00e9lix G\u00f3mez Anduro; de Guaymas (UTG), Javier Carrizales Salazar; de San Luis R\u00edo Colorado (Utslrc), Jos\u00e9 Arturo Delgado Reza; de Puerto Pe\u00f1asco (UTPP), H\u00e9ctor Paul Borboa Robles; de Nogales (UTN), Cuauht\u00e9moc Mart\u00ednez Siraitare y del Sur de Sonora (UTS), Sergio Pablo Mariscal Alvarado.<\/p>\n","protected":false},"excerpt":{"rendered":"<p>Ciudad de M\u00e9xico; 27 de febrero de 2025.- Con la creaci\u00f3n de m\u00e1s de mil espacios en las Universidades Tecnol\u00f3gicas (UT\u2019s) de Sonora, el gobernador Alfonso Durazo contribuye a la estrategia nacional para incrementar la matr\u00edcula de educaci\u00f3n superior durante el per\u00edodo 2025-2030, destac\u00f3 la Secretar\u00eda de Educaci\u00f3n y Cultura (SEC). La dependencia educativa estatal [&hellip;]<\/p>\n","protected":false},"author":2,"featured_media":210067,"comment_status":"closed","ping_status":"closed","sticky":false,"template":"","format":"standard","meta":{"footnotes":""},"categories":[12870,178],"tags":[12865,12869],"class_list":["post-210066","post","type-post","status-publish","format-standard","has-post-thumbnail","hentry","category-destacadas","category-local","tag-destacadas","tag-local"],"jetpack_featured_media_url":"https:\/\/rnoticias.com.mx\/Portal\/wp-content\/uploads\/2025\/02\/unnamed-4-3.jpg","amp_enabled":true,"_links":{"self":[{"href":"https:\/\/rnoticias.com.mx\/Portal\/wp-json\/wp\/v2\/posts\/210066","targetHints":{"allow":["GET"]}}],"collection":[{"href":"https:\/\/rnoticias.com.mx\/Portal\/wp-json\/wp\/v2\/posts"}],"about":[{"href":"https:\/\/rnoticias.com.mx\/Portal\/wp-json\/wp\/v2\/types\/post"}],"author":[{"embeddable":true,"href":"https:\/\/rnoticias.com.mx\/Portal\/wp-json\/wp\/v2\/users\/2"}],"replies":[{"embeddable":true,"href":"https:\/\/rnoticias.com.mx\/Portal\/wp-json\/wp\/v2\/comments?post=210066"}],"version-history":[{"count":1,"href":"https:\/\/rnoticias.com.mx\/Portal\/wp-json\/wp\/v2\/posts\/210066\/revisions"}],"predecessor-version":[{"id":210068,"href":"https:\/\/rnoticias.com.mx\/Portal\/wp-json\/wp\/v2\/posts\/210066\/revisions\/210068"}],"wp:featuredmedia":[{"embeddable":true,"href":"https:\/\/rnoticias.com.mx\/Portal\/wp-json\/wp\/v2\/media\/210067"}],"wp:attachment":[{"href":"https:\/\/rnoticias.com.mx\/Portal\/wp-json\/wp\/v2\/media?parent=210066"}],"wp:term":[{"taxonomy":"category","embeddable":true,"href":"https:\/\/rnoticias.com.mx\/Portal\/wp-json\/wp\/v2\/categories?post=210066"},{"taxonomy":"post_tag","embeddable":true,"href":"https:\/\/rnoticias.com.mx\/Portal\/wp-json\/wp\/v2\/tags?post=210066"}],"curies":[{"name":"wp","href":"https:\/\/api.w.org\/{rel}","templated":true}]}}