{"id":210063,"date":"2025-02-27T23:21:00","date_gmt":"2025-02-27T23:21:00","guid":{"rendered":"https:\/\/rnoticias.com.mx\/Portal\/?p=210063"},"modified":"2025-02-27T23:21:00","modified_gmt":"2025-02-27T23:21:00","slug":"detienen-a-sujeto-por-desaparicion-cometida-por-particulares-y-privacion-ilegal-de-la-libertad-en-hermosillo","status":"publish","type":"post","link":"https:\/\/rnoticias.com.mx\/Portal\/2025\/02\/27\/detienen-a-sujeto-por-desaparicion-cometida-por-particulares-y-privacion-ilegal-de-la-libertad-en-hermosillo\/","title":{"rendered":"Detienen a sujeto por desaparici\u00f3n cometida por particulares y privaci\u00f3n ilegal de la libertad en Hermosillo"},"content":{"rendered":"<p>Hermosillo, Sonora, 27 de febrero de 2025.- Elementos de la Agencia Ministerial de Investigaci\u00f3n Criminal (AMIC) capturaron a Kevin Alejandro \u201cN\u201d, de 26 a\u00f1os, como probable responsable de los delitos de desaparici\u00f3n cometida por particulares y privaci\u00f3n ilegal de la libertad agravada, cometidos en perjuicio de dos masculinos de identidad reservada de 23 y 26 a\u00f1os, respectivamente.<\/p>\n<p>Kevin Alejandro \u201cN\u201d, debido a la naturaleza de los delitos que se le imputan, al representar un riesgo para las v\u00edctimas permanece recluido bajo prisi\u00f3n preventiva justificada mientras enfrenta el proceso penal correspondiente.<\/p>\n<p>Los hechos ocurrieron el 22 de enero de 2025, entre las 15:30 y 17:00, cuando Kevin Alejandro \u201cN\u201d, junto con otros individuos, arribaron en dos veh\u00edculos a una casa en la colonia Privadas del Rey, donde privaron de la libertad a la primera v\u00edctima, de 23 a\u00f1os; desde entonces, se desconoce su paradero.<\/p>\n<p>Ese mismo d\u00eda, alrededor de las 17:00 horas, el imputado y sus c\u00f3mplices privaron de la libertad a la segunda v\u00edctima en la v\u00eda p\u00fablica, en la misma colonia, durante el acto, Kevin Alejandro \u201cN\u201d le dijo a la v\u00edctima que la primer persona privada de la libertad, horas antes, les hab\u00eda indicado que \u00e9l era el jefe y que lo llevar\u00edan para verificar si era cierto.<\/p>\n<p>El segundo perjudicado fue subido a un veh\u00edculo BMW, donde fue amarrado, vendado y trasladado a un lugar desconocido; durante su cautiverio, sufri\u00f3 violencia f\u00edsica y moral, incluyendo golpes con pu\u00f1os y objetos, as\u00ed como diversas agresiones, adem\u00e1s de ser amenazado con cortarle los dedos de manos y pies.<\/p>\n<p>Despu\u00e9s fue liberado el 27 de enero de 2025, entre las 21:00 y 22:00 horas, cerca del Parque Copacabana en Hermosillo; no pudo identificar a todos sus agresores debido a que permaneci\u00f3 con los ojos vendados.<\/p>\n<p>Tras las acciones legales correspondientes, el imputado fue detenido el 24 de febrero de 2025, en cumplimiento de una orden de aprehensi\u00f3n emitida el 23 de febrero del a\u00f1o en curso, por los delitos de desaparici\u00f3n cometida por particulares y privaci\u00f3n ilegal de la libertad agravada.<\/p>\n<p>Este caso refleja el compromiso de la FGJES con la b\u00fasqueda de justicia para las v\u00edctimas de desaparici\u00f3n forzada y privaci\u00f3n ilegal de la libertad.<\/p>\n","protected":false},"excerpt":{"rendered":"<p>Hermosillo, Sonora, 27 de febrero de 2025.- Elementos de la Agencia Ministerial de Investigaci\u00f3n Criminal (AMIC) capturaron a Kevin Alejandro \u201cN\u201d, de 26 a\u00f1os, como probable responsable de los delitos de desaparici\u00f3n cometida por particulares y privaci\u00f3n ilegal de la libertad agravada, cometidos en perjuicio de dos masculinos de identidad reservada de 23 y 26 [&hellip;]<\/p>\n","protected":false},"author":2,"featured_media":210064,"comment_status":"closed","ping_status":"closed","sticky":false,"template":"","format":"standard","meta":{"footnotes":""},"categories":[12870,178],"tags":[12865,12869],"class_list":["post-210063","post","type-post","status-publish","format-standard","has-post-thumbnail","hentry","category-destacadas","category-local","tag-destacadas","tag-local"],"jetpack_featured_media_url":"https:\/\/rnoticias.com.mx\/Portal\/wp-content\/uploads\/2025\/02\/dbd98ab2-e195-498f-b807-7b92b9e2c116.jpg","amp_enabled":true,"_links":{"self":[{"href":"https:\/\/rnoticias.com.mx\/Portal\/wp-json\/wp\/v2\/posts\/210063","targetHints":{"allow":["GET"]}}],"collection":[{"href":"https:\/\/rnoticias.com.mx\/Portal\/wp-json\/wp\/v2\/posts"}],"about":[{"href":"https:\/\/rnoticias.com.mx\/Portal\/wp-json\/wp\/v2\/types\/post"}],"author":[{"embeddable":true,"href":"https:\/\/rnoticias.com.mx\/Portal\/wp-json\/wp\/v2\/users\/2"}],"replies":[{"embeddable":true,"href":"https:\/\/rnoticias.com.mx\/Portal\/wp-json\/wp\/v2\/comments?post=210063"}],"version-history":[{"count":1,"href":"https:\/\/rnoticias.com.mx\/Portal\/wp-json\/wp\/v2\/posts\/210063\/revisions"}],"predecessor-version":[{"id":210065,"href":"https:\/\/rnoticias.com.mx\/Portal\/wp-json\/wp\/v2\/posts\/210063\/revisions\/210065"}],"wp:featuredmedia":[{"embeddable":true,"href":"https:\/\/rnoticias.com.mx\/Portal\/wp-json\/wp\/v2\/media\/210064"}],"wp:attachment":[{"href":"https:\/\/rnoticias.com.mx\/Portal\/wp-json\/wp\/v2\/media?parent=210063"}],"wp:term":[{"taxonomy":"category","embeddable":true,"href":"https:\/\/rnoticias.com.mx\/Portal\/wp-json\/wp\/v2\/categories?post=210063"},{"taxonomy":"post_tag","embeddable":true,"href":"https:\/\/rnoticias.com.mx\/Portal\/wp-json\/wp\/v2\/tags?post=210063"}],"curies":[{"name":"wp","href":"https:\/\/api.w.org\/{rel}","templated":true}]}}