{"id":210057,"date":"2025-02-27T23:18:21","date_gmt":"2025-02-27T23:18:21","guid":{"rendered":"https:\/\/rnoticias.com.mx\/Portal\/?p=210057"},"modified":"2025-02-27T23:18:21","modified_gmt":"2025-02-27T23:18:21","slug":"arranca-el-proximo-lunes-la-cuarta-edicion-de-creactiva-encuentro-de-mujeres-en-las-artes","status":"publish","type":"post","link":"https:\/\/rnoticias.com.mx\/Portal\/2025\/02\/27\/arranca-el-proximo-lunes-la-cuarta-edicion-de-creactiva-encuentro-de-mujeres-en-las-artes\/","title":{"rendered":"Arranca el pr\u00f3ximo lunes la cuarta edici\u00f3n de Creactiva. Encuentro de Mujeres en las Artes"},"content":{"rendered":"<p>Hermosillo, Sonora; 27 de febrero, 2025.- Como una forma de reconocer y difundir el aporte de mujeres creadoras en diferentes disciplinas art\u00edsticas y culturales en la localidad, el Ayuntamiento de Hermosillo, a trav\u00e9s del Instituto Municipal de Cultura y Arte (IMCA), celebrar\u00e1 del 3 al 7 de marzo, la IV edici\u00f3n de Creactiva. Encuentro de Mujeres en las Artes.<\/p>\n<p>En conferencia de prensa, Marianna Gonz\u00e1lez Gast\u00e9lum, directora general del Instituto Municipal de Cultura y Arte (IMCA), Zulma Galaz Angulo, directora de Atenci\u00f3n a la Mujer; Nabila Nubes, productora y gestora cultural de la compa\u00f1\u00eda Andamios Teatro y Alina Mart\u00ednez Ceballos, directora de Arte del IMCA, informaron sobre el evento que se realiza en el marco del D\u00eda Internacional de la Mujer.<\/p>\n<p>\u201cPara el Presidente Municipal Antonio Astiazar\u00e1n Guti\u00e9rrez es muy importante la realizaci\u00f3n de programas con los que se reconozca la labor y trabajo creativo de las mujeres que son impulsoras de procesos culturales\u201d, explic\u00f3 Marianna Gonz\u00e1lez.<\/p>\n<p>Mencion\u00f3 que este 2025, el programa se desarrollar\u00e1 en 7 sedes, que incluyen la Concha Ac\u00fastica del Parque Madero, la Galer\u00eda Oasis 179, las Bibliotecas P\u00fablicas Municipales Beatriz Juvera y Rafael V. Meneses; Quinta de Anza, Cineteca Sonora y el Museo Regional de Sonora.<\/p>\n<p>Por su parte, la directora de Atenci\u00f3n a la Mujer, Zulma Galaz, reconoci\u00f3 el esfuerzo del Gobierno Municipal para el reconocimiento del papel de las mujeres en todos los \u00e1mbitos.<\/p>\n<p>Quienes deseen conocer mayores detalles pueden consultar la p\u00e1gina: http:\/\/imca.hermosillo.gob.mx, as\u00ed como las redes sociales de la dependencia y del Ayuntamiento de Hermosillo.<\/p>\n<p>Numeralia:<\/p>\n<p>-19 eventos<br \/>\n-7 sedes<br \/>\n-Participaci\u00f3n de m\u00e1s de 100 mujeres en la cuarta edici\u00f3n de Creactiva<br \/>\n-40 artistas visuales participan con 100 obras<br \/>\nen la exposici\u00f3n \u201cCaleidoscopio de Mujeres\u201d<\/p>\n<p>Programa<\/p>\n<p>Lunes 3 de marzo<br \/>\n18:00 horas, exposici\u00f3n \u201cMirar con Sentimiento\u201d, en Quinta de Anza.<br \/>\n19:00 horas, Charla Performativa \u201cHasta Encontrarte\u201d, en Quinta de Anza.<\/p>\n<p>Martes 4 de marzo<br \/>\n19:00 horas, inauguraci\u00f3n de exposici\u00f3n colectiva \u201cCaleidoscopio de Mujeres\u201d, en Galer\u00eda Oasis 139<br \/>\n19:30 horas, Concierto \u201cRevocando el Silencio\u201d, con Nahomi Guti\u00e9rrez, violinista, en Galer\u00eda Oasis 139<\/p>\n<p>Mi\u00e9rcoles 5 de marzo<br \/>\n9:00 a 14:00 horas, Encuentro \u201cMujeres Compartiendo Arte II\u201d, en Galer\u00eda Oasis 139<br \/>\nTaller \u201cDesbordados\u201d y taller demostrativo de tortillas sobaqueras y degustaci\u00f3n de comida tradicional Yaqui<\/p>\n<p>Jueves 6 de marzo<br \/>\n19:00 horas, presentaci\u00f3n de danza folcl\u00f3rica del COBACH, en Concha Ac\u00fastica del Parque Madero<br \/>\n19:30 horas, Dispositivo Danza Contempor\u00e1nea en Concha Ac\u00fastica<br \/>\n20:30 horas Presentaci\u00f3n musical Carecumbia, en Concha Ac\u00fastica del Parque Madero<\/p>\n<p>Viernes 7 de marzo<br \/>\n19:00 horas, concierto \u201cEntrelazadas\u201d, por ni\u00f1as de la Orquesta Infantil y Juvenil de DIF Hermosillo, en Concha Ac\u00fastica<br \/>\n20:30 horas, obra de teatro \u201cLa ventana de Sofi\u201d, Parque Madero<\/p>\n<p>Actividades alternas<\/p>\n<p>Mi\u00e9rcoles 12 de marzo<br \/>\nProyecci\u00f3n del documental \u201cPola Weiss\u201d (M\u00e9xico 2023) en Cineteca Sonora, a las 18:00 horas<\/p>\n<p>Presentaci\u00f3n musical \u201cMorrigan\u201d, en Galer\u00eda Oasis 139, a las 20:00 horas<\/p>\n<p>Jueves 13 de marzo<br \/>\nPresentaci\u00f3n del libro La Oveja Iluminada, en la Biblioteca P\u00fablica Municipal Rafael Meneses, a las 18:00 horas.<\/p>\n<p>Fuente: IMCA<\/p>\n","protected":false},"excerpt":{"rendered":"<p>Hermosillo, Sonora; 27 de febrero, 2025.- Como una forma de reconocer y difundir el aporte de mujeres creadoras en diferentes disciplinas art\u00edsticas y culturales en la localidad, el Ayuntamiento de Hermosillo, a trav\u00e9s del Instituto Municipal de Cultura y Arte (IMCA), celebrar\u00e1 del 3 al 7 de marzo, la IV edici\u00f3n de Creactiva. Encuentro de [&hellip;]<\/p>\n","protected":false},"author":2,"featured_media":210058,"comment_status":"closed","ping_status":"closed","sticky":false,"template":"","format":"standard","meta":{"footnotes":""},"categories":[12870,178],"tags":[12865,12869],"class_list":["post-210057","post","type-post","status-publish","format-standard","has-post-thumbnail","hentry","category-destacadas","category-local","tag-destacadas","tag-local"],"jetpack_featured_media_url":"https:\/\/rnoticias.com.mx\/Portal\/wp-content\/uploads\/2025\/02\/3b2357f4-cda2-47c5-9b76-78b2c3884e3e.jpg","amp_enabled":true,"_links":{"self":[{"href":"https:\/\/rnoticias.com.mx\/Portal\/wp-json\/wp\/v2\/posts\/210057","targetHints":{"allow":["GET"]}}],"collection":[{"href":"https:\/\/rnoticias.com.mx\/Portal\/wp-json\/wp\/v2\/posts"}],"about":[{"href":"https:\/\/rnoticias.com.mx\/Portal\/wp-json\/wp\/v2\/types\/post"}],"author":[{"embeddable":true,"href":"https:\/\/rnoticias.com.mx\/Portal\/wp-json\/wp\/v2\/users\/2"}],"replies":[{"embeddable":true,"href":"https:\/\/rnoticias.com.mx\/Portal\/wp-json\/wp\/v2\/comments?post=210057"}],"version-history":[{"count":1,"href":"https:\/\/rnoticias.com.mx\/Portal\/wp-json\/wp\/v2\/posts\/210057\/revisions"}],"predecessor-version":[{"id":210059,"href":"https:\/\/rnoticias.com.mx\/Portal\/wp-json\/wp\/v2\/posts\/210057\/revisions\/210059"}],"wp:featuredmedia":[{"embeddable":true,"href":"https:\/\/rnoticias.com.mx\/Portal\/wp-json\/wp\/v2\/media\/210058"}],"wp:attachment":[{"href":"https:\/\/rnoticias.com.mx\/Portal\/wp-json\/wp\/v2\/media?parent=210057"}],"wp:term":[{"taxonomy":"category","embeddable":true,"href":"https:\/\/rnoticias.com.mx\/Portal\/wp-json\/wp\/v2\/categories?post=210057"},{"taxonomy":"post_tag","embeddable":true,"href":"https:\/\/rnoticias.com.mx\/Portal\/wp-json\/wp\/v2\/tags?post=210057"}],"curies":[{"name":"wp","href":"https:\/\/api.w.org\/{rel}","templated":true}]}}