{"id":210048,"date":"2025-02-27T23:15:13","date_gmt":"2025-02-27T23:15:13","guid":{"rendered":"https:\/\/rnoticias.com.mx\/Portal\/?p=210048"},"modified":"2025-02-27T23:15:13","modified_gmt":"2025-02-27T23:15:13","slug":"por-acoso-y-abuso-sexual-contra-una-menor-de-edad-vinculan-a-proceso-a-mario-n-en-sahuaripa","status":"publish","type":"post","link":"https:\/\/rnoticias.com.mx\/Portal\/2025\/02\/27\/por-acoso-y-abuso-sexual-contra-una-menor-de-edad-vinculan-a-proceso-a-mario-n-en-sahuaripa\/","title":{"rendered":"Por acoso y abuso sexual contra una menor de edad, vinculan a proceso a Mario \u201cN\u201d en Sahuaripa"},"content":{"rendered":"<p>Sahuaripa, Sonora, 27 de febrero de 2025.- La Fiscal\u00eda General de Justicia del Estado de Sonora (FGJES) obtuvo la vinculaci\u00f3n a proceso de Mario \u201cN\u201d por los delitos de acoso sexual y abuso sexual agravado, cometidos en perjuicio de una menor de edad de identidad reservada, quedando adem\u00e1s recluido bajo la medida cautelar de prisi\u00f3n preventiva justificada.<\/p>\n<p>Los hechos que se imputan al presunto responsable ocurrieron en Sahuaripa, Sonora, donde la madre de la menor present\u00f3 una denuncia formal ante las autoridades, se\u00f1alando que su hija hab\u00eda sido v\u00edctima de insinuaciones sexuales y tocamientos indebidos por parte Mario \u201cN\u201d.<\/p>\n<p>De acuerdo a la denuncia, hace aproximadamente seis meses, el presunto responsable comenz\u00f3 a realizar insinuaciones inapropiadas hacia la menor, adem\u00e1s de amenazarla con revelar a su madre que fumaba vapedor para intimidarla y evitar que lo denunciara.<\/p>\n<p>En una ocasi\u00f3n, mientras la menor se preparaba para ir a la Secundaria T\u00e9cnica 14, el imputado nuevamente ingres\u00f3 a su habitaci\u00f3n, la abraz\u00f3 y toc\u00f3 indebidamente sus partes \u00edntimas por encima de la ropa, la v\u00edctima logr\u00f3 zafarse y huir del lugar para asistir a la escuela.<\/p>\n<p>La menor confi\u00f3 estos hechos a una amiga, tambi\u00e9n menor de edad, quien despu\u00e9s de recibir una pl\u00e1tica del programa SALVA de la Polic\u00eda Estatal de Seguridad P\u00fablica (PESP), alert\u00f3 a las autoridades sobre lo ocurrido, dando conocimiento a la madre de la menor y generando posteriormente la mencionada denuncia.<\/p>\n<p>Este caso refleja el compromiso de la FGJES con la protecci\u00f3n de ni\u00f1as, ni\u00f1os y adolescentes frente a conductas que atenten contra su dignidad e integridad f\u00edsica y emocional, actuando siempre bajo los principios de transparencia, profesionalismo y respeto irrestricto a los derechos humanos.<\/p>\n","protected":false},"excerpt":{"rendered":"<p>Sahuaripa, Sonora, 27 de febrero de 2025.- La Fiscal\u00eda General de Justicia del Estado de Sonora (FGJES) obtuvo la vinculaci\u00f3n a proceso de Mario \u201cN\u201d por los delitos de acoso sexual y abuso sexual agravado, cometidos en perjuicio de una menor de edad de identidad reservada, quedando adem\u00e1s recluido bajo la medida cautelar de prisi\u00f3n [&hellip;]<\/p>\n","protected":false},"author":2,"featured_media":210049,"comment_status":"closed","ping_status":"closed","sticky":false,"template":"","format":"standard","meta":{"footnotes":""},"categories":[12870,174],"tags":[12865,12873],"class_list":["post-210048","post","type-post","status-publish","format-standard","has-post-thumbnail","hentry","category-destacadas","category-estatal","tag-destacadas","tag-estatal"],"jetpack_featured_media_url":"https:\/\/rnoticias.com.mx\/Portal\/wp-content\/uploads\/2025\/02\/cc064816-c901-4d61-bba7-d4ab4f4e0cc0.jpg","amp_enabled":true,"_links":{"self":[{"href":"https:\/\/rnoticias.com.mx\/Portal\/wp-json\/wp\/v2\/posts\/210048","targetHints":{"allow":["GET"]}}],"collection":[{"href":"https:\/\/rnoticias.com.mx\/Portal\/wp-json\/wp\/v2\/posts"}],"about":[{"href":"https:\/\/rnoticias.com.mx\/Portal\/wp-json\/wp\/v2\/types\/post"}],"author":[{"embeddable":true,"href":"https:\/\/rnoticias.com.mx\/Portal\/wp-json\/wp\/v2\/users\/2"}],"replies":[{"embeddable":true,"href":"https:\/\/rnoticias.com.mx\/Portal\/wp-json\/wp\/v2\/comments?post=210048"}],"version-history":[{"count":1,"href":"https:\/\/rnoticias.com.mx\/Portal\/wp-json\/wp\/v2\/posts\/210048\/revisions"}],"predecessor-version":[{"id":210050,"href":"https:\/\/rnoticias.com.mx\/Portal\/wp-json\/wp\/v2\/posts\/210048\/revisions\/210050"}],"wp:featuredmedia":[{"embeddable":true,"href":"https:\/\/rnoticias.com.mx\/Portal\/wp-json\/wp\/v2\/media\/210049"}],"wp:attachment":[{"href":"https:\/\/rnoticias.com.mx\/Portal\/wp-json\/wp\/v2\/media?parent=210048"}],"wp:term":[{"taxonomy":"category","embeddable":true,"href":"https:\/\/rnoticias.com.mx\/Portal\/wp-json\/wp\/v2\/categories?post=210048"},{"taxonomy":"post_tag","embeddable":true,"href":"https:\/\/rnoticias.com.mx\/Portal\/wp-json\/wp\/v2\/tags?post=210048"}],"curies":[{"name":"wp","href":"https:\/\/api.w.org\/{rel}","templated":true}]}}