{"id":210045,"date":"2025-02-27T23:14:32","date_gmt":"2025-02-27T23:14:32","guid":{"rendered":"https:\/\/rnoticias.com.mx\/Portal\/?p=210045"},"modified":"2025-02-27T23:14:32","modified_gmt":"2025-02-27T23:14:32","slug":"exhorta-emeterio-ochoa-al-ejecutivo-a-designar-nuevo-titular-de-la-comision-de-busqueda-de-personas-en-sonora","status":"publish","type":"post","link":"https:\/\/rnoticias.com.mx\/Portal\/2025\/02\/27\/exhorta-emeterio-ochoa-al-ejecutivo-a-designar-nuevo-titular-de-la-comision-de-busqueda-de-personas-en-sonora\/","title":{"rendered":"Exhorta Emeterio Ochoa al Ejecutivo a designar nuevo titular de la Comisi\u00f3n de B\u00fasqueda de Personas en Sonora"},"content":{"rendered":"<p>Hermosillo, Sonora, 27 de febrero de 2025.- El diputado Emeterio Ochoa Baz\u00faa (PRI) exhort\u00f3 al gobernador Alfonso Durazo Monta\u00f1o a designar, a la brevedad, al nuevo titular de la Comisi\u00f3n de B\u00fasqueda de Personas en Sonora, cargo que permanece vacante desde el 24 de enero.<\/p>\n<p>Ante la falta de un responsable en esta instituci\u00f3n, clave para la localizaci\u00f3n de personas desaparecidas, el legislador priista subray\u00f3 la urgencia de garantizar la continuidad de sus trabajos, dado que Sonora es una de las entidades con mayor n\u00famero de desapariciones en el pa\u00eds.<\/p>\n<p>\u201cSonora se encuentra entre los estados con m\u00e1s desapariciones en M\u00e9xico. De acuerdo con datos del Registro Nacional de Personas Desaparecidas y No Localizadas (RNPDNO), hasta octubre de 2023 se reportaban 2 mil 150 personas desaparecidas en la entidad, de las cuales el 60% son menores de 30 a\u00f1os\u201d, destac\u00f3 Ochoa Baz\u00faa.<\/p>\n<p>Se\u00f1al\u00f3 que, debido a la falta de liderazgo en la Comisi\u00f3n, programas clave como ID Sonora, el laboratorio m\u00f3vil itinerante y el Centro Estatal de Identificaci\u00f3n Gen\u00e9tica y Forense han quedado estancados, afectando directamente a los colectivos de b\u00fasqueda.<\/p>\n<p>&#8220;El tema de seguridad y desapariciones no debe usarse como golpeteo pol\u00edtico, ni responder a intereses partidistas, sino que debe abordarse con seriedad y responsabilidad&#8221;, expres\u00f3.<\/p>\n<p>&#8220;El tema de seguridad no debe tener colores, tampoco fobias. Debe ser un tema prioritario, y los temas prioritarios se deben traer aqu\u00ed al Congreso del Estado&#8221;, enfatiz\u00f3 el legislador.<\/p>\n<p>Ochoa Baz\u00faa insisti\u00f3 en que la Comisi\u00f3n de B\u00fasqueda de Personas es &#8220;un pilar en la garant\u00eda de derechos humanos y justicia en nuestro estado&#8221; y advirti\u00f3 que &#8220;su labor no puede detenerse, pues cada d\u00eda sin una direcci\u00f3n clara significa un retroceso en los esfuerzos por encontrar a quienes han desaparecido y brindar respuestas a sus familias&#8221;.<\/p>\n<p>El exhorto presentado ante el Congreso del Estado de Sonora busca que el Ejecutivo inicie de inmediato el procedimiento establecido en la legislaci\u00f3n estatal para la designaci\u00f3n del nuevo titular. Adem\u00e1s, el legislador pidi\u00f3 que la elecci\u00f3n se realice con base en criterios de transparencia, idoneidad y compromiso con los derechos humanos.<\/p>\n<p>\u201cLa persona que asuma la responsabilidad de la comisi\u00f3n debe contar con la experiencia, sensibilidad y liderazgo necesarios para coordinar esfuerzos con autoridades y organizaciones civiles, as\u00ed como atender las demandas de las familias de las v\u00edctimas\u201d, agreg\u00f3.<\/p>\n<p>&#8220;La Comisi\u00f3n de B\u00fasqueda de Personas representa una esperanza para muchas familias que no han dejado de buscar a sus seres queridos. No podemos permitir que esta labor quede en el limbo. Es momento de actuar con determinaci\u00f3n y sensibilidad, los temas de seguridad no deben tener color ni fobias&#8221;, concluy\u00f3.<\/p>\n","protected":false},"excerpt":{"rendered":"<p>Hermosillo, Sonora, 27 de febrero de 2025.- El diputado Emeterio Ochoa Baz\u00faa (PRI) exhort\u00f3 al gobernador Alfonso Durazo Monta\u00f1o a designar, a la brevedad, al nuevo titular de la Comisi\u00f3n de B\u00fasqueda de Personas en Sonora, cargo que permanece vacante desde el 24 de enero. Ante la falta de un responsable en esta instituci\u00f3n, clave [&hellip;]<\/p>\n","protected":false},"author":2,"featured_media":210046,"comment_status":"closed","ping_status":"closed","sticky":false,"template":"","format":"standard","meta":{"footnotes":""},"categories":[12870,12868],"tags":[12877,12865],"class_list":["post-210045","post","type-post","status-publish","format-standard","has-post-thumbnail","hentry","category-destacadas","category-politica","tag-congreso-del-estado","tag-destacadas"],"jetpack_featured_media_url":"https:\/\/rnoticias.com.mx\/Portal\/wp-content\/uploads\/2025\/02\/c8a5bfc0-b48f-44ac-aa9c-553408f47220.jpg","amp_enabled":true,"_links":{"self":[{"href":"https:\/\/rnoticias.com.mx\/Portal\/wp-json\/wp\/v2\/posts\/210045","targetHints":{"allow":["GET"]}}],"collection":[{"href":"https:\/\/rnoticias.com.mx\/Portal\/wp-json\/wp\/v2\/posts"}],"about":[{"href":"https:\/\/rnoticias.com.mx\/Portal\/wp-json\/wp\/v2\/types\/post"}],"author":[{"embeddable":true,"href":"https:\/\/rnoticias.com.mx\/Portal\/wp-json\/wp\/v2\/users\/2"}],"replies":[{"embeddable":true,"href":"https:\/\/rnoticias.com.mx\/Portal\/wp-json\/wp\/v2\/comments?post=210045"}],"version-history":[{"count":1,"href":"https:\/\/rnoticias.com.mx\/Portal\/wp-json\/wp\/v2\/posts\/210045\/revisions"}],"predecessor-version":[{"id":210047,"href":"https:\/\/rnoticias.com.mx\/Portal\/wp-json\/wp\/v2\/posts\/210045\/revisions\/210047"}],"wp:featuredmedia":[{"embeddable":true,"href":"https:\/\/rnoticias.com.mx\/Portal\/wp-json\/wp\/v2\/media\/210046"}],"wp:attachment":[{"href":"https:\/\/rnoticias.com.mx\/Portal\/wp-json\/wp\/v2\/media?parent=210045"}],"wp:term":[{"taxonomy":"category","embeddable":true,"href":"https:\/\/rnoticias.com.mx\/Portal\/wp-json\/wp\/v2\/categories?post=210045"},{"taxonomy":"post_tag","embeddable":true,"href":"https:\/\/rnoticias.com.mx\/Portal\/wp-json\/wp\/v2\/tags?post=210045"}],"curies":[{"name":"wp","href":"https:\/\/api.w.org\/{rel}","templated":true}]}}