{"id":210039,"date":"2025-02-27T23:12:33","date_gmt":"2025-02-27T23:12:33","guid":{"rendered":"https:\/\/rnoticias.com.mx\/Portal\/?p=210039"},"modified":"2025-02-27T23:12:33","modified_gmt":"2025-02-27T23:12:33","slug":"invitan-a-comerciantes-a-participar-en-taco-fest","status":"publish","type":"post","link":"https:\/\/rnoticias.com.mx\/Portal\/2025\/02\/27\/invitan-a-comerciantes-a-participar-en-taco-fest\/","title":{"rendered":"Invitan a comerciantes a participar en Taco Fest"},"content":{"rendered":"<p>Hermosillo, Sonora; 27 de febrero, 2025.- Para impulsar y dar a conocer los comercios que venden tacos de carne asada y de carne al pastor, se les invita a participar en el Taco Fest que se llevar\u00e1 a cabo en la V\u00edactiva del pr\u00f3ximo domingo 30 de marzo.<\/p>\n<p>La directora de Desarrollo Tur\u00edstico, Fernanda Cisneros Rodr\u00edguez, coment\u00f3 que el presidente Antonio Astiazar\u00e1n les pidi\u00f3 hacer eventos que fueran una plataforma para los nuevos emprendedores, aunque ya se ven\u00eda haciendo con comerciantes y con gente que va empezando a hacer sus galletas, sus pasteles, pulseras, etc\u00e9tera.<\/p>\n<p>\u201cAl lanzar este tipo de eventos de corte gastron\u00f3mico y como competencia, ayuda a la profesionalizaci\u00f3n, lo que cada vez queremos ser, m\u00e1s competitivos, la verdad es que creo que es un gran acierto de nuestro Alcalde\u201d, expres\u00f3.<\/p>\n<p>Dijo que adem\u00e1s el domingo 30 de marzo es muy especial porque es el sexto aniversario de V\u00edactiva tu ciudad, tu espacio, que es para que todas y para todos los hermosillenses y los visitantes tengan un lugar donde venir a pasar en familia y sin tener que gastar mucho, en el centro hist\u00f3rico.<\/p>\n<p>\u201cEl \u00fanico requisito para participar en el taco Fest es tener un negocio establecido o un punto de venta, porque el objetivo es promover proyectos y nuevos empresarios que van arrancando igual de una plataforma\u201d, preciso Cisneros Rodr\u00edguez.<\/p>\n<p>Sergio Miles, de Burros Los Gonz\u00e1lez, ganador del primer lugar en el Perchefest, comparti\u00f3 que iniciaron el negocio en julio del 2023, el concurso fue en septiembre y desde entonces fue muy r\u00e1pida su evoluci\u00f3n.<\/p>\n<p>\u201cAbrimos tres sucursales de ese mismo a\u00f1o y en enero de este a\u00f1o abrimos en Phoenix Arizona, entonces vale la pena inscribirte porque el Ayuntamiento te apoya a que te conozcan, la verdad que estamos bien agradecidos\u201d, manifest\u00f3.<\/p>\n<p>Fausto Pl\u00e1cido Moreno de Hot Dogs El Shanggy, comercio ganador de la categor\u00eda del Dogo m\u00e1s Creativo en el DogoFest, asegur\u00f3 que vale mucho la pena participar en este tipo de eventos.<\/p>\n<p>La cita es el domingo 30 de marzo a partir de las cinco de la tarde en el centro hist\u00f3rico, adem\u00e1s se festejar\u00e1 el D\u00eda Internacional del Taco que es el 31 de marzo. Por cuestiones de log\u00edstica y de montaje, las calles se tendr\u00e1n que cerrar a partir de las 11 de la ma\u00f1ana.<\/p>\n<p>Jorge Tapia \u00cd\u00f1igo, de la Sociedad de Parrilleros de Sonora, explic\u00f3 que se premiar\u00e1 a dos categor\u00edas, el mejor taco de carne asada de la H y el mejor de trompo al pastor de la H.<\/p>\n<p>El premio ser\u00e1 una placa para que sea colocada en el negocio ganador, promoci\u00f3n en las redes sociales del Gobierno Municipal y un espacio sin ning\u00fan costo para vender en el Festival del Globo, que es una gran plataforma.<\/p>\n<p>Para registrarse sin ning\u00fan costo es en el tel\u00e9fono 6622-909233. Se llevan a cabo reuniones informativas para los participantes todos los jueves. De igual manera, si alguien tiene tacos de otra cosa, como de guisos o de cabeza, pueden instalarse para vender en el evento.<\/p>\n","protected":false},"excerpt":{"rendered":"<p>Hermosillo, Sonora; 27 de febrero, 2025.- Para impulsar y dar a conocer los comercios que venden tacos de carne asada y de carne al pastor, se les invita a participar en el Taco Fest que se llevar\u00e1 a cabo en la V\u00edactiva del pr\u00f3ximo domingo 30 de marzo. La directora de Desarrollo Tur\u00edstico, Fernanda Cisneros [&hellip;]<\/p>\n","protected":false},"author":2,"featured_media":210040,"comment_status":"closed","ping_status":"closed","sticky":false,"template":"","format":"standard","meta":{"footnotes":""},"categories":[12870,178],"tags":[12865,12869],"class_list":["post-210039","post","type-post","status-publish","format-standard","has-post-thumbnail","hentry","category-destacadas","category-local","tag-destacadas","tag-local"],"jetpack_featured_media_url":"https:\/\/rnoticias.com.mx\/Portal\/wp-content\/uploads\/2025\/02\/e267d807-8329-4396-910f-250ee6827018.jpg","amp_enabled":true,"_links":{"self":[{"href":"https:\/\/rnoticias.com.mx\/Portal\/wp-json\/wp\/v2\/posts\/210039","targetHints":{"allow":["GET"]}}],"collection":[{"href":"https:\/\/rnoticias.com.mx\/Portal\/wp-json\/wp\/v2\/posts"}],"about":[{"href":"https:\/\/rnoticias.com.mx\/Portal\/wp-json\/wp\/v2\/types\/post"}],"author":[{"embeddable":true,"href":"https:\/\/rnoticias.com.mx\/Portal\/wp-json\/wp\/v2\/users\/2"}],"replies":[{"embeddable":true,"href":"https:\/\/rnoticias.com.mx\/Portal\/wp-json\/wp\/v2\/comments?post=210039"}],"version-history":[{"count":1,"href":"https:\/\/rnoticias.com.mx\/Portal\/wp-json\/wp\/v2\/posts\/210039\/revisions"}],"predecessor-version":[{"id":210041,"href":"https:\/\/rnoticias.com.mx\/Portal\/wp-json\/wp\/v2\/posts\/210039\/revisions\/210041"}],"wp:featuredmedia":[{"embeddable":true,"href":"https:\/\/rnoticias.com.mx\/Portal\/wp-json\/wp\/v2\/media\/210040"}],"wp:attachment":[{"href":"https:\/\/rnoticias.com.mx\/Portal\/wp-json\/wp\/v2\/media?parent=210039"}],"wp:term":[{"taxonomy":"category","embeddable":true,"href":"https:\/\/rnoticias.com.mx\/Portal\/wp-json\/wp\/v2\/categories?post=210039"},{"taxonomy":"post_tag","embeddable":true,"href":"https:\/\/rnoticias.com.mx\/Portal\/wp-json\/wp\/v2\/tags?post=210039"}],"curies":[{"name":"wp","href":"https:\/\/api.w.org\/{rel}","templated":true}]}}