{"id":210036,"date":"2025-02-27T23:09:07","date_gmt":"2025-02-27T23:09:07","guid":{"rendered":"https:\/\/rnoticias.com.mx\/Portal\/?p=210036"},"modified":"2025-02-27T23:09:07","modified_gmt":"2025-02-27T23:09:07","slug":"ctm-sonora-advierte-sobre-impacto-negativo-por-aranceles-a-industria-automotriz","status":"publish","type":"post","link":"https:\/\/rnoticias.com.mx\/Portal\/2025\/02\/27\/ctm-sonora-advierte-sobre-impacto-negativo-por-aranceles-a-industria-automotriz\/","title":{"rendered":"CTM Sonora advierte sobre impacto negativo por aranceles a industria automotriz"},"content":{"rendered":"<p><strong>Reconoce la <\/strong>Confederaci\u00f3n de Trabajadores de M\u00e9xico (CTM) en Sonora que en el caso que el gobierno de Estados Unidos aplique finalmente aranceles a ciertos productos mexicanos, impactar\u00e1 principalmente al ramo automotriz.<\/p>\n<p>&nbsp;<\/p>\n<p>Javier Villareal G\u00e1mez, dirigente de CTM Sonora, se\u00f1al\u00f3 que, si se impone un 25 por ciento de arancel, esa medida dificultar\u00eda la competitividad de los autom\u00f3viles fabricados en M\u00e9xico dentro del mercado estadounidense.<\/p>\n<p>&nbsp;<\/p>\n<p><strong>\u201cSi se aplica un 25% de arancel va a ser fatal para la industria automotriz. no podr\u00edan competir con un 25% m\u00e1s los autom\u00f3viles mexicanos que podr\u00edan entrar al mercado norteamericano\u201d, dijo.<\/strong><\/p>\n<p><strong>\u00a0<\/strong><\/p>\n<p>Puntualiz\u00f3 tambi\u00e9n, que conf\u00eda que el gobierno de Estados Unidos pueda recular a pesar de todas sus amenazas por iniciar con esa estrategia impositiva y al final se pueda negociar para que no se afecte a la econom\u00eda de ambos pa\u00edses.<\/p>\n<p>&nbsp;<\/p>\n<p>Por \u00faltimo, el secretario general de la CTM Sonora, mencion\u00f3 que se mantendr\u00e1n atentos a cualquier ajuste en las\u00a0reglas de origen\u00a0establecidas en el\u00a0tratado entre M\u00e9xico, Estados Unidos y Canad\u00e1 y cualquier decisi\u00f3n que se tome sea para avanzar y no para ir hacia atr\u00e1s.<\/p>\n<p><strong>\u00a0<\/strong><\/p>\n","protected":false},"excerpt":{"rendered":"<p>Reconoce la Confederaci\u00f3n de Trabajadores de M\u00e9xico (CTM) en Sonora que en el caso que el gobierno de Estados Unidos aplique finalmente aranceles a ciertos productos mexicanos, impactar\u00e1 principalmente al ramo automotriz. &nbsp; Javier Villareal G\u00e1mez, dirigente de CTM Sonora, se\u00f1al\u00f3 que, si se impone un 25 por ciento de arancel, esa medida dificultar\u00eda la [&hellip;]<\/p>\n","protected":false},"author":2,"featured_media":210037,"comment_status":"closed","ping_status":"closed","sticky":false,"template":"","format":"standard","meta":{"footnotes":""},"categories":[12870,178],"tags":[12865,12869],"class_list":["post-210036","post","type-post","status-publish","format-standard","has-post-thumbnail","hentry","category-destacadas","category-local","tag-destacadas","tag-local"],"jetpack_featured_media_url":"https:\/\/rnoticias.com.mx\/Portal\/wp-content\/uploads\/2025\/02\/Trabajadores-de-la-industria-automotriz-Edomex-en-incertidumbre-con-gobierno-de-E.U.2.webp","amp_enabled":true,"_links":{"self":[{"href":"https:\/\/rnoticias.com.mx\/Portal\/wp-json\/wp\/v2\/posts\/210036","targetHints":{"allow":["GET"]}}],"collection":[{"href":"https:\/\/rnoticias.com.mx\/Portal\/wp-json\/wp\/v2\/posts"}],"about":[{"href":"https:\/\/rnoticias.com.mx\/Portal\/wp-json\/wp\/v2\/types\/post"}],"author":[{"embeddable":true,"href":"https:\/\/rnoticias.com.mx\/Portal\/wp-json\/wp\/v2\/users\/2"}],"replies":[{"embeddable":true,"href":"https:\/\/rnoticias.com.mx\/Portal\/wp-json\/wp\/v2\/comments?post=210036"}],"version-history":[{"count":1,"href":"https:\/\/rnoticias.com.mx\/Portal\/wp-json\/wp\/v2\/posts\/210036\/revisions"}],"predecessor-version":[{"id":210038,"href":"https:\/\/rnoticias.com.mx\/Portal\/wp-json\/wp\/v2\/posts\/210036\/revisions\/210038"}],"wp:featuredmedia":[{"embeddable":true,"href":"https:\/\/rnoticias.com.mx\/Portal\/wp-json\/wp\/v2\/media\/210037"}],"wp:attachment":[{"href":"https:\/\/rnoticias.com.mx\/Portal\/wp-json\/wp\/v2\/media?parent=210036"}],"wp:term":[{"taxonomy":"category","embeddable":true,"href":"https:\/\/rnoticias.com.mx\/Portal\/wp-json\/wp\/v2\/categories?post=210036"},{"taxonomy":"post_tag","embeddable":true,"href":"https:\/\/rnoticias.com.mx\/Portal\/wp-json\/wp\/v2\/tags?post=210036"}],"curies":[{"name":"wp","href":"https:\/\/api.w.org\/{rel}","templated":true}]}}