{"id":210029,"date":"2025-02-27T22:48:59","date_gmt":"2025-02-27T22:48:59","guid":{"rendered":"https:\/\/rnoticias.com.mx\/Portal\/?p=210029"},"modified":"2025-02-27T22:48:59","modified_gmt":"2025-02-27T22:48:59","slug":"invita-ave-badu-a-nueva-jornada-de-reciclando-por-sonrisas","status":"publish","type":"post","link":"https:\/\/rnoticias.com.mx\/Portal\/2025\/02\/27\/invita-ave-badu-a-nueva-jornada-de-reciclando-por-sonrisas\/","title":{"rendered":"Invita Ave Bad\u00fa a nueva jornada de Reciclando por Sonrisas"},"content":{"rendered":"<p>La ludoteca Ave Bad\u00fa invita de nueva cuenta a la comunidad hermosillense, para participar este s\u00e1bado uno de marzo en lo que ser\u00e1 una nueva jornada m\u00e1s del programa \u201cReciclando por Sonrisas\u201d.<\/p>\n<p>&nbsp;<\/p>\n<p>Viviana Bautista Mariscal, directora de Ludoteca Ave Bad\u00fa, coment\u00f3 que para la tercera jornada de ese programa en lo que va del 2025, se apoyar\u00e1n de nueva cuenta del ayuntamiento de Hermosillo para instalar el reciclacentro en la Plaza Emiliana de Zubeldia desde las 07:00 horas hasta la una de la tarde.<\/p>\n<p>&nbsp;<\/p>\n<p><strong>\u201cInvitamos a todos a que se sumen a nuestra colecta n\u00famero 58 que va dirigida para Erick que tiene siete a\u00f1os, \u00e9l tiene una doble discapacidad como S\u00edndrome de Down y autismo. \u00c9l requiere medicamentos y apoyos para sus terapias\u201d, afirm\u00f3.<\/strong><\/p>\n<p><strong>\u00a0<\/strong><\/p>\n<p>A\u00f1adi\u00f3, que toda persona que guste apoyar en esta nueva misi\u00f3n, pueden llevar material reciclable en un costado de la plaza Emiliana de Zubeldia y en donde se recibir\u00e1: cart\u00f3n, tapitas, botellas, revistas, cuadernos, libros, fierro, aluminio, electrodom\u00e9sticos, ropa y m\u00e1s.<\/p>\n<p>&nbsp;<\/p>\n<p>Finalmente, Viviana Bautista, mencion\u00f3 que el programa Reciclando por Sonrisas, tiene la finalidad tambi\u00e9n de ayudar a promover la inclusi\u00f3n y el respeto a los derechos de las personas con alguna discapacidad asi como a seguir creando conciencia entre toda la comunidad.<\/p>\n<p>&nbsp;<\/p>\n","protected":false},"excerpt":{"rendered":"<p>La ludoteca Ave Bad\u00fa invita de nueva cuenta a la comunidad hermosillense, para participar este s\u00e1bado uno de marzo en lo que ser\u00e1 una nueva jornada m\u00e1s del programa \u201cReciclando por Sonrisas\u201d. &nbsp; Viviana Bautista Mariscal, directora de Ludoteca Ave Bad\u00fa, coment\u00f3 que para la tercera jornada de ese programa en lo que va del [&hellip;]<\/p>\n","protected":false},"author":2,"featured_media":210030,"comment_status":"closed","ping_status":"closed","sticky":false,"template":"","format":"standard","meta":{"footnotes":""},"categories":[12870,178],"tags":[12865,12869],"class_list":["post-210029","post","type-post","status-publish","format-standard","has-post-thumbnail","hentry","category-destacadas","category-local","tag-destacadas","tag-local"],"jetpack_featured_media_url":"https:\/\/rnoticias.com.mx\/Portal\/wp-content\/uploads\/2025\/02\/colecta-reciclaje.png","amp_enabled":true,"_links":{"self":[{"href":"https:\/\/rnoticias.com.mx\/Portal\/wp-json\/wp\/v2\/posts\/210029","targetHints":{"allow":["GET"]}}],"collection":[{"href":"https:\/\/rnoticias.com.mx\/Portal\/wp-json\/wp\/v2\/posts"}],"about":[{"href":"https:\/\/rnoticias.com.mx\/Portal\/wp-json\/wp\/v2\/types\/post"}],"author":[{"embeddable":true,"href":"https:\/\/rnoticias.com.mx\/Portal\/wp-json\/wp\/v2\/users\/2"}],"replies":[{"embeddable":true,"href":"https:\/\/rnoticias.com.mx\/Portal\/wp-json\/wp\/v2\/comments?post=210029"}],"version-history":[{"count":1,"href":"https:\/\/rnoticias.com.mx\/Portal\/wp-json\/wp\/v2\/posts\/210029\/revisions"}],"predecessor-version":[{"id":210031,"href":"https:\/\/rnoticias.com.mx\/Portal\/wp-json\/wp\/v2\/posts\/210029\/revisions\/210031"}],"wp:featuredmedia":[{"embeddable":true,"href":"https:\/\/rnoticias.com.mx\/Portal\/wp-json\/wp\/v2\/media\/210030"}],"wp:attachment":[{"href":"https:\/\/rnoticias.com.mx\/Portal\/wp-json\/wp\/v2\/media?parent=210029"}],"wp:term":[{"taxonomy":"category","embeddable":true,"href":"https:\/\/rnoticias.com.mx\/Portal\/wp-json\/wp\/v2\/categories?post=210029"},{"taxonomy":"post_tag","embeddable":true,"href":"https:\/\/rnoticias.com.mx\/Portal\/wp-json\/wp\/v2\/tags?post=210029"}],"curies":[{"name":"wp","href":"https:\/\/api.w.org\/{rel}","templated":true}]}}