{"id":210026,"date":"2025-02-27T22:46:18","date_gmt":"2025-02-27T22:46:18","guid":{"rendered":"https:\/\/rnoticias.com.mx\/Portal\/?p=210026"},"modified":"2025-02-27T22:46:18","modified_gmt":"2025-02-27T22:46:18","slug":"frente-frio-disminuira-temperaturas-en-sonora-este-fin-de-semana-conagua","status":"publish","type":"post","link":"https:\/\/rnoticias.com.mx\/Portal\/2025\/02\/27\/frente-frio-disminuira-temperaturas-en-sonora-este-fin-de-semana-conagua\/","title":{"rendered":"Frente fr\u00edo disminuir\u00e1 temperaturas en Sonora este fin de semana: Conagua"},"content":{"rendered":"<p>La Comisi\u00f3n Nacional del Agua en Sonora (Conagua), informa que existen posibilidades para que este fin de semana ingrese un nuevo frente fr\u00edo a la entidad y ello ayudar\u00e1 a reducir ligeramente las temperaturas.<\/p>\n<p>&nbsp;<\/p>\n<p>Gilberto Lagarda V\u00e1zquez, especialista t\u00e9cnico de la Conagua, dio a conocer que actualmente siguen imperando valores m\u00e1ximos por encima de los 35 grados en regiones del centro y sur del estado, pero estas condiciones pueden cambiar para el fin de semana cuando se haga sentir un nuevo frente fr\u00edo que ser\u00e1 el 29 de la temporada.<\/p>\n<p>&nbsp;<\/p>\n<p><strong>\u00a0\u201cSeguimos sin posibilidades de lluvias para el estado. Esta misma situaci\u00f3n se va a mantener aun este viernes, posiblemente para el s\u00e1bado entre un nuevo frente fr\u00edo, el cual va a bajar las temperaturas de forma moderada en el estado y tendremos d\u00edas frescos para este fin de semana y el inicio de la pr\u00f3xima\u201d, asever\u00f3.<\/strong><\/p>\n<p><strong>\u00a0<\/strong><\/p>\n<p>Agreg\u00f3, que para este jueves y viernes se esperan estos valores m\u00e1ximos en ciudades como Hermosillo de al menos 34 grados cent\u00edgrados, en San Luis R\u00edo Colorado de 28 a 29 grados, en Nogales de 25 a 24 grados, en Agua Prieta de 24 grados, Magdalena de Kino de 30 a 29 grados y en Cajeme y \u00c1lamos de 33 a 34 grados cent\u00edgrados.<\/p>\n<p>&nbsp;<\/p>\n","protected":false},"excerpt":{"rendered":"<p>La Comisi\u00f3n Nacional del Agua en Sonora (Conagua), informa que existen posibilidades para que este fin de semana ingrese un nuevo frente fr\u00edo a la entidad y ello ayudar\u00e1 a reducir ligeramente las temperaturas. &nbsp; Gilberto Lagarda V\u00e1zquez, especialista t\u00e9cnico de la Conagua, dio a conocer que actualmente siguen imperando valores m\u00e1ximos por encima de [&hellip;]<\/p>\n","protected":false},"author":2,"featured_media":210027,"comment_status":"closed","ping_status":"closed","sticky":false,"template":"","format":"standard","meta":{"footnotes":""},"categories":[12870,174],"tags":[12865,12873],"class_list":["post-210026","post","type-post","status-publish","format-standard","has-post-thumbnail","hentry","category-destacadas","category-estatal","tag-destacadas","tag-estatal"],"jetpack_featured_media_url":"https:\/\/rnoticias.com.mx\/Portal\/wp-content\/uploads\/2025\/02\/Clima.jpg","amp_enabled":true,"_links":{"self":[{"href":"https:\/\/rnoticias.com.mx\/Portal\/wp-json\/wp\/v2\/posts\/210026","targetHints":{"allow":["GET"]}}],"collection":[{"href":"https:\/\/rnoticias.com.mx\/Portal\/wp-json\/wp\/v2\/posts"}],"about":[{"href":"https:\/\/rnoticias.com.mx\/Portal\/wp-json\/wp\/v2\/types\/post"}],"author":[{"embeddable":true,"href":"https:\/\/rnoticias.com.mx\/Portal\/wp-json\/wp\/v2\/users\/2"}],"replies":[{"embeddable":true,"href":"https:\/\/rnoticias.com.mx\/Portal\/wp-json\/wp\/v2\/comments?post=210026"}],"version-history":[{"count":1,"href":"https:\/\/rnoticias.com.mx\/Portal\/wp-json\/wp\/v2\/posts\/210026\/revisions"}],"predecessor-version":[{"id":210028,"href":"https:\/\/rnoticias.com.mx\/Portal\/wp-json\/wp\/v2\/posts\/210026\/revisions\/210028"}],"wp:featuredmedia":[{"embeddable":true,"href":"https:\/\/rnoticias.com.mx\/Portal\/wp-json\/wp\/v2\/media\/210027"}],"wp:attachment":[{"href":"https:\/\/rnoticias.com.mx\/Portal\/wp-json\/wp\/v2\/media?parent=210026"}],"wp:term":[{"taxonomy":"category","embeddable":true,"href":"https:\/\/rnoticias.com.mx\/Portal\/wp-json\/wp\/v2\/categories?post=210026"},{"taxonomy":"post_tag","embeddable":true,"href":"https:\/\/rnoticias.com.mx\/Portal\/wp-json\/wp\/v2\/tags?post=210026"}],"curies":[{"name":"wp","href":"https:\/\/api.w.org\/{rel}","templated":true}]}}