{"id":210023,"date":"2025-02-27T22:43:09","date_gmt":"2025-02-27T22:43:09","guid":{"rendered":"https:\/\/rnoticias.com.mx\/Portal\/?p=210023"},"modified":"2025-02-27T22:43:09","modified_gmt":"2025-02-27T22:43:09","slug":"reforma-al-infonavit-aumentara-de-nuevo-la-vivienda-de-interes-social-ctm-cajeme","status":"publish","type":"post","link":"https:\/\/rnoticias.com.mx\/Portal\/2025\/02\/27\/reforma-al-infonavit-aumentara-de-nuevo-la-vivienda-de-interes-social-ctm-cajeme\/","title":{"rendered":"Reforma al Infonavit aumentar\u00e1 de nuevo la vivienda de inter\u00e9s social: CTM Cajeme"},"content":{"rendered":"<p>La Confederaci\u00f3n de Trabajadores de M\u00e9xico (CTM) en Cajeme, reiter\u00f3 tambi\u00e9n su apoyo a la reforma al Infonavit, en especial porque se retomar\u00e1 el esquema de construir casas de inter\u00e9s social y apoyar a trabajadores que solo alcanzan a ese tipo de cr\u00e9ditos.<\/p>\n<p>&nbsp;<\/p>\n<p>Silvia Godoy Bea, secretaria general de la CTM en Ciudad Obreg\u00f3n, se\u00f1al\u00f3 que esa reforma, sin duda gener\u00f3 en un inicio discusiones, pero despu\u00e9s de una socializaci\u00f3n de ella, el panorama cambi\u00f3, especialmente con la construcci\u00f3n de vivienda de inter\u00e9s social.<\/p>\n<p>&nbsp;<\/p>\n<p><strong>\u201cEsto representa algo muy positivo para Cajeme, ya ten\u00edamos rato que hab\u00edamos hecho esa solicitud desde CTM y pues aqu\u00ed se van a dar casas para los no derechohabientes y tambi\u00e9n para los derechohabientes. Est\u00e1 muy bien que en los dos lados haya nuevas casas para los trabajadores porque las verdades est\u00e1n muy caras y no han podido estar comprando, hay muchos cr\u00e9ditos sin ejercerse y muchas familias que ocupan su casa\u201d, dijo.<\/strong><\/p>\n<p><strong>\u00a0<\/strong><\/p>\n<p>Igualmente, agradeci\u00f3 la acci\u00f3n realizada por el Gobernador de Sonora, Alfonso Durazo y de otras autoridades del gobierno federal, ya que, en d\u00edas pasados en Cajeme, se dio el arranque al Programa Nacional de Vivienda para el Bienestar y en donde la entidad, se ha planteado construir un poco m\u00e1s de 33 mil viviendas para familias que perciban menos de dos salarios m\u00ednimos.<\/p>\n<p>&nbsp;<\/p>\n<p>Finalmente, la dirigente de la CTM en Ciudad Obreg\u00f3n, declar\u00f3 que acuerdo a estudios realizados por autoridades en ese municipio, actualmente hay un d\u00e9ficit de vivienda de al menos 14 mil y confi\u00f3 que con ese programa nacional se logre reducir de manera importante esa estad\u00edstica.<\/p>\n<p>&nbsp;<\/p>\n<p>&nbsp;<\/p>\n","protected":false},"excerpt":{"rendered":"<p>La Confederaci\u00f3n de Trabajadores de M\u00e9xico (CTM) en Cajeme, reiter\u00f3 tambi\u00e9n su apoyo a la reforma al Infonavit, en especial porque se retomar\u00e1 el esquema de construir casas de inter\u00e9s social y apoyar a trabajadores que solo alcanzan a ese tipo de cr\u00e9ditos. &nbsp; Silvia Godoy Bea, secretaria general de la CTM en Ciudad Obreg\u00f3n, [&hellip;]<\/p>\n","protected":false},"author":2,"featured_media":210024,"comment_status":"closed","ping_status":"closed","sticky":false,"template":"","format":"standard","meta":{"footnotes":""},"categories":[12870,174],"tags":[12865,12873],"class_list":["post-210023","post","type-post","status-publish","format-standard","has-post-thumbnail","hentry","category-destacadas","category-estatal","tag-destacadas","tag-estatal"],"jetpack_featured_media_url":"https:\/\/rnoticias.com.mx\/Portal\/wp-content\/uploads\/2025\/02\/58065-20241004153120-1.jpg","amp_enabled":true,"_links":{"self":[{"href":"https:\/\/rnoticias.com.mx\/Portal\/wp-json\/wp\/v2\/posts\/210023","targetHints":{"allow":["GET"]}}],"collection":[{"href":"https:\/\/rnoticias.com.mx\/Portal\/wp-json\/wp\/v2\/posts"}],"about":[{"href":"https:\/\/rnoticias.com.mx\/Portal\/wp-json\/wp\/v2\/types\/post"}],"author":[{"embeddable":true,"href":"https:\/\/rnoticias.com.mx\/Portal\/wp-json\/wp\/v2\/users\/2"}],"replies":[{"embeddable":true,"href":"https:\/\/rnoticias.com.mx\/Portal\/wp-json\/wp\/v2\/comments?post=210023"}],"version-history":[{"count":1,"href":"https:\/\/rnoticias.com.mx\/Portal\/wp-json\/wp\/v2\/posts\/210023\/revisions"}],"predecessor-version":[{"id":210025,"href":"https:\/\/rnoticias.com.mx\/Portal\/wp-json\/wp\/v2\/posts\/210023\/revisions\/210025"}],"wp:featuredmedia":[{"embeddable":true,"href":"https:\/\/rnoticias.com.mx\/Portal\/wp-json\/wp\/v2\/media\/210024"}],"wp:attachment":[{"href":"https:\/\/rnoticias.com.mx\/Portal\/wp-json\/wp\/v2\/media?parent=210023"}],"wp:term":[{"taxonomy":"category","embeddable":true,"href":"https:\/\/rnoticias.com.mx\/Portal\/wp-json\/wp\/v2\/categories?post=210023"},{"taxonomy":"post_tag","embeddable":true,"href":"https:\/\/rnoticias.com.mx\/Portal\/wp-json\/wp\/v2\/tags?post=210023"}],"curies":[{"name":"wp","href":"https:\/\/api.w.org\/{rel}","templated":true}]}}