{"id":210002,"date":"2025-02-27T19:44:24","date_gmt":"2025-02-27T19:44:24","guid":{"rendered":"https:\/\/rnoticias.com.mx\/Portal\/?p=210002"},"modified":"2025-02-27T19:44:24","modified_gmt":"2025-02-27T19:44:24","slug":"quien-es-rodrigo-pacheco-tenista-mexicano-que-ha-brillado-en-el-abierto-mexicano-telcel","status":"publish","type":"post","link":"https:\/\/rnoticias.com.mx\/Portal\/2025\/02\/27\/quien-es-rodrigo-pacheco-tenista-mexicano-que-ha-brillado-en-el-abierto-mexicano-telcel\/","title":{"rendered":"\u00bfQui\u00e9n es Rodrigo Pacheco, tenista mexicano que ha brillado en el Abierto Mexicano Telcel?"},"content":{"rendered":"<p>El joven tenista mexicano de 19 a\u00f1os de edad, Rodrigo Pacheco, ha tenido una extraordinaria participaci\u00f3n en el Abierto de Tenis Telcel en Acapulco, Guerrero.\u00a0Actualmente, est\u00e1 calificado a los cuartos de final debido a que el noruego\u00a0<strong>Casper Ruud se retir\u00f3 previo al encuentro debido a sufrir un virus estomacal que le impidi\u00f3 saltar a la pista<\/strong>.<\/p>\n<p>Lo mejor del tenis se vive en el paradisiaco puerto mexicano y los representantes nacionales no se pueden quedar atr\u00e1s en esta fiesta,\u00a0<strong>Santiago Gonz\u00e1lez, Hans Hach Verdugo, Miguel Reyes-Varela en dobles y Rodrigo Pacheco en singles, este \u00faltimo acaba de hacer historia.\u00a0<\/strong><\/p>\n<ul class=\"wp-block-list\">\n<li><strong>El mexicano Rodrigo Pacheco se calific\u00f3 a los octavos de final tras vencer 2-1 al australiano Aleksandar Vukic con parciales de 5-7, 6-4 y 5(4)-(7)7.<\/strong><\/li>\n<\/ul>\n<h2 id=\"h-quien-es-rodrigo-pacheco\" class=\"wp-block-heading\">\u00bfQui\u00e9n es Rodrigo Pacheco?<\/h2>\n<p>Rodrigo Pacheco naci\u00f3 el 25 de abril de 2005 en M\u00e9rida Yucat\u00e1n, con 19 a\u00f1os es una de las promesas del deporte blanco mexicano y pudo clasificarse al torneo a trav\u00e9s de una wildcard.<\/p>\n<p>En el tenis una wildcard es una invitaci\u00f3n que se le hace a un jugador para que participe en el torneo a pesar de no haber clasificado, tambi\u00e9n se le suele conocer como \u201c<em>comod\u00edn<\/em>\u201d.<\/p>\n<p>En 2022 comenz\u00f3 su carrera profesional y esta ser\u00e1 su tercera oportunidad dentro del cuadro principal, actualmente se encuentra rankeado como el n\u00famero 355 del mundo,\u00a0<strong><a href=\"https:\/\/www.atptour.com\/es\/rankings\/singles\" target=\"_blank\" rel=\"noreferrer noopener\">seg\u00fan la Asociaci\u00f3n de Tenistas Profesionales.\u00a0<\/a><\/strong><\/p>\n<p><strong>Pacheco perdi\u00f3 en la edici\u00f3n del Abierto de Acapulco ante Alex de Mi\u00f1aur en la primera ronda en su debut en 2023,<\/strong>\u00a0mientras que Dusan Lajovic lo elimin\u00f3 en la misma instancia en 2024.<\/p>\n<p><strong>Pacheco intent\u00f3 entrar en la modalidad de dobles, pero fracas\u00f3 en el intento haciendo dupla con el argentino Federico G\u00f3mez.\u00a0<\/strong><\/p>\n<p>En la \u00faltima ronda de la calificaci\u00f3n cayeron ante la pareja estadounidense Christian Harrison y Evan King.<\/p>\n<p><strong>Su primer partido en Acapulco este 2025 fue una victoria ante el australiano Aleksandar Vukic y ahora se medir\u00e1 ante Casper Ruud, el quinto del mundo en el ranking ATP.<\/strong><\/p>\n<p>&nbsp;<\/p>\n<p>Unotv<\/p>\n","protected":false},"excerpt":{"rendered":"<p>El joven tenista mexicano de 19 a\u00f1os de edad, Rodrigo Pacheco, ha tenido una extraordinaria participaci\u00f3n en el Abierto de Tenis Telcel en Acapulco, Guerrero.\u00a0Actualmente, est\u00e1 calificado a los cuartos de final debido a que el noruego\u00a0Casper Ruud se retir\u00f3 previo al encuentro debido a sufrir un virus estomacal que le impidi\u00f3 saltar a la [&hellip;]<\/p>\n","protected":false},"author":2,"featured_media":210003,"comment_status":"closed","ping_status":"closed","sticky":false,"template":"","format":"standard","meta":{"footnotes":""},"categories":[188,12870],"tags":[5231,12865],"class_list":["post-210002","post","type-post","status-publish","format-standard","has-post-thumbnail","hentry","category-deportes","category-destacadas","tag-deportes","tag-destacadas"],"jetpack_featured_media_url":"https:\/\/rnoticias.com.mx\/Portal\/wp-content\/uploads\/2025\/02\/pacheco-1-104606-1024x576-1.jpg","amp_enabled":true,"_links":{"self":[{"href":"https:\/\/rnoticias.com.mx\/Portal\/wp-json\/wp\/v2\/posts\/210002","targetHints":{"allow":["GET"]}}],"collection":[{"href":"https:\/\/rnoticias.com.mx\/Portal\/wp-json\/wp\/v2\/posts"}],"about":[{"href":"https:\/\/rnoticias.com.mx\/Portal\/wp-json\/wp\/v2\/types\/post"}],"author":[{"embeddable":true,"href":"https:\/\/rnoticias.com.mx\/Portal\/wp-json\/wp\/v2\/users\/2"}],"replies":[{"embeddable":true,"href":"https:\/\/rnoticias.com.mx\/Portal\/wp-json\/wp\/v2\/comments?post=210002"}],"version-history":[{"count":1,"href":"https:\/\/rnoticias.com.mx\/Portal\/wp-json\/wp\/v2\/posts\/210002\/revisions"}],"predecessor-version":[{"id":210004,"href":"https:\/\/rnoticias.com.mx\/Portal\/wp-json\/wp\/v2\/posts\/210002\/revisions\/210004"}],"wp:featuredmedia":[{"embeddable":true,"href":"https:\/\/rnoticias.com.mx\/Portal\/wp-json\/wp\/v2\/media\/210003"}],"wp:attachment":[{"href":"https:\/\/rnoticias.com.mx\/Portal\/wp-json\/wp\/v2\/media?parent=210002"}],"wp:term":[{"taxonomy":"category","embeddable":true,"href":"https:\/\/rnoticias.com.mx\/Portal\/wp-json\/wp\/v2\/categories?post=210002"},{"taxonomy":"post_tag","embeddable":true,"href":"https:\/\/rnoticias.com.mx\/Portal\/wp-json\/wp\/v2\/tags?post=210002"}],"curies":[{"name":"wp","href":"https:\/\/api.w.org\/{rel}","templated":true}]}}