{"id":209917,"date":"2025-02-27T01:51:21","date_gmt":"2025-02-27T01:51:21","guid":{"rendered":"https:\/\/rnoticias.com.mx\/Portal\/?p=209917"},"modified":"2025-02-27T01:51:21","modified_gmt":"2025-02-27T01:51:21","slug":"grupo-firme-cancela-show-en-mazatlan-tras-amenazas-jorge-medina-y-josi-cuen-tambien","status":"publish","type":"post","link":"https:\/\/rnoticias.com.mx\/Portal\/2025\/02\/27\/grupo-firme-cancela-show-en-mazatlan-tras-amenazas-jorge-medina-y-josi-cuen-tambien\/","title":{"rendered":"Grupo Firme cancela show en Mazatl\u00e1n tras amenazas; Jorge Medina y Josi Cuen tambi\u00e9n"},"content":{"rendered":"<p><strong>Grupo Firme<\/strong>\u00a0cancel\u00f3 su presentaci\u00f3n en el\u00a0<strong>Carnaval de Mazatl\u00e1n,\u00a0<\/strong>pactada para el\u00a0<strong>pr\u00f3ximo 1 de marzo<\/strong>, tras la\u00a0<a href=\"https:\/\/www.unotv.com\/entretenimiento\/amenazan-a-grupo-firme-les-exigen-que-cancelen-su-presentacion-en-el-carnaval-de-mazatlan\/\" target=\"_blank\" rel=\"noreferrer noopener\">amenaza de muerte que se advirti\u00f3 en una manta que apareci\u00f3 en Tijuana, Baja California,<\/a>\u00a0el pasado martes.<\/p>\n<p>Por medio de redes sociales, la\u00a0<strong>empresa Music VIP,<\/strong>\u00a0representante de la\u00a0<strong>agrupaci\u00f3n<\/strong>, public\u00f3 un comunicado en el que lament\u00f3 la cancelaci\u00f3n, misma que, dijo, se hace para\u00a0<strong>salvaguardar\u00a0<\/strong>el\u00a0<strong>bienestar\u00a0<\/strong>de\u00a0<strong>fans<\/strong>.<\/p>\n<p><strong><em>\u201cLamentamos profundamente informarles que la presentaci\u00f3n del Grupo Firme para este 1 de marzo en el Carnaval de Mazatl\u00e1n queda cancelada. Para Music VIP el bienestar de quienes nos han acompa\u00f1ado en este camino, nuestra familia, que son ustedes, nuestros fans, es y siempre ser\u00e1 lo m\u00e1s importante. Esperemos poder reencontrarnos pronto para cantar, celebrar y seguir haciendo historias juntos\u201d<\/em><\/strong><\/p>\n<h2 id=\"h-jorge-media-y-josi-cuen-tambien-cancelan-presentacion\" class=\"wp-block-heading\">Jorge Media y Josi Cuen tambi\u00e9n cancelan presentaci\u00f3n<\/h2>\n<p>La decisi\u00f3n de\u00a0<strong>Grupo Firme\u00a0<\/strong>no fue la \u00fanica, pues, horas antes,<strong>\u00a0Jorge Medina y Josi Cuen<\/strong>, con su proyecto\u00a0<strong>\u201cJuntos\u201d<\/strong>, tambi\u00e9n anunciaron la cancelaci\u00f3n de su presentaci\u00f3n en el\u00a0<strong>Carnaval de Mazatl\u00e1n<\/strong>, programada para el<strong> 27 de febrero.<\/strong><\/p>\n<h2 id=\"h-las-presentaciones-en-el-carnaval-de-mazatlan\" class=\"wp-block-heading\">Las presentaciones en el Carnaval de Mazatl\u00e1n<\/h2>\n<p>En medio de las\u00a0<strong>cancelaciones\u00a0<\/strong>de\u00a0<strong>Grupo Firme\u00a0<\/strong>y el proyecto\u00a0<strong>\u201cJuntos\u201d de Jorge Median y Josi Cuen,\u00a0<\/strong>trascendi\u00f3 que el cantante\u00a0<strong>Pl\u00e1cido Domingo<\/strong>, quien tendr\u00e1 su presentaci\u00f3n el\u00a0<strong>pr\u00f3ximo 27 de febrero<\/strong>, ya se encuentra en\u00a0<strong>Mazatl\u00e1n<\/strong>, pero no se ha pronunciado sobre una posible\u00a0<strong>cancelaci\u00f3n\u00a0<\/strong>o, bien, para\u00a0<strong>confirmar\u00a0<\/strong>que<strong> s\u00ed ofrecer\u00e1 el concierto.<\/strong><\/p>\n<p>Incluso, se report\u00f3 que el\u00a0<strong>ensayo general\u00a0<\/strong>de la coronaci\u00f3n de la reina de\u00a0<strong>Los Juegos Florales<\/strong>\u00a0se realizar\u00e1 con la presencia del tenor Pl\u00e1cido Domingo a puerta cerrada en el<strong>\u00a0Teatro \u00c1ngela Peralta.<\/strong><\/p>\n<p>Entre las presentaciones previstas en el marco del\u00a0<strong>Carnaval de Mazatl\u00e1n\u00a0<\/strong>est\u00e1 la que tendr\u00e1 el cantante espa\u00f1ol<strong>\u00a0Alejandro Sanz<\/strong>, quien tampoco ha emitido un comunicado sobre su presentaci\u00f3n el pr\u00f3ximo 3 de marzo. En esa misma situaci\u00f3n est\u00e1 la\u00a0<strong>Banda Adictiva<\/strong>, quien ofrecer\u00e1 un espect\u00e1culo en\u00a0<strong>Paseo Olas Altas.<\/strong><\/p>\n","protected":false},"excerpt":{"rendered":"<p>Grupo Firme\u00a0cancel\u00f3 su presentaci\u00f3n en el\u00a0Carnaval de Mazatl\u00e1n,\u00a0pactada para el\u00a0pr\u00f3ximo 1 de marzo, tras la\u00a0amenaza de muerte que se advirti\u00f3 en una manta que apareci\u00f3 en Tijuana, Baja California,\u00a0el pasado martes. Por medio de redes sociales, la\u00a0empresa Music VIP,\u00a0representante de la\u00a0agrupaci\u00f3n, public\u00f3 un comunicado en el que lament\u00f3 la cancelaci\u00f3n, misma que, dijo, se hace [&hellip;]<\/p>\n","protected":false},"author":2,"featured_media":209918,"comment_status":"closed","ping_status":"closed","sticky":false,"template":"","format":"standard","meta":{"footnotes":""},"categories":[12870,219],"tags":[12865,12875],"class_list":["post-209917","post","type-post","status-publish","format-standard","has-post-thumbnail","hentry","category-destacadas","category-espectaculos","tag-destacadas","tag-espectaculos"],"jetpack_featured_media_url":"https:\/\/rnoticias.com.mx\/Portal\/wp-content\/uploads\/2025\/02\/Jorge-Medina-y-Josi-Cuen-cancelan-concierto-en-Mazatlan-scaled-1.webp","amp_enabled":true,"_links":{"self":[{"href":"https:\/\/rnoticias.com.mx\/Portal\/wp-json\/wp\/v2\/posts\/209917","targetHints":{"allow":["GET"]}}],"collection":[{"href":"https:\/\/rnoticias.com.mx\/Portal\/wp-json\/wp\/v2\/posts"}],"about":[{"href":"https:\/\/rnoticias.com.mx\/Portal\/wp-json\/wp\/v2\/types\/post"}],"author":[{"embeddable":true,"href":"https:\/\/rnoticias.com.mx\/Portal\/wp-json\/wp\/v2\/users\/2"}],"replies":[{"embeddable":true,"href":"https:\/\/rnoticias.com.mx\/Portal\/wp-json\/wp\/v2\/comments?post=209917"}],"version-history":[{"count":1,"href":"https:\/\/rnoticias.com.mx\/Portal\/wp-json\/wp\/v2\/posts\/209917\/revisions"}],"predecessor-version":[{"id":209919,"href":"https:\/\/rnoticias.com.mx\/Portal\/wp-json\/wp\/v2\/posts\/209917\/revisions\/209919"}],"wp:featuredmedia":[{"embeddable":true,"href":"https:\/\/rnoticias.com.mx\/Portal\/wp-json\/wp\/v2\/media\/209918"}],"wp:attachment":[{"href":"https:\/\/rnoticias.com.mx\/Portal\/wp-json\/wp\/v2\/media?parent=209917"}],"wp:term":[{"taxonomy":"category","embeddable":true,"href":"https:\/\/rnoticias.com.mx\/Portal\/wp-json\/wp\/v2\/categories?post=209917"},{"taxonomy":"post_tag","embeddable":true,"href":"https:\/\/rnoticias.com.mx\/Portal\/wp-json\/wp\/v2\/tags?post=209917"}],"curies":[{"name":"wp","href":"https:\/\/api.w.org\/{rel}","templated":true}]}}