{"id":209866,"date":"2025-02-26T22:49:06","date_gmt":"2025-02-26T22:49:06","guid":{"rendered":"https:\/\/rnoticias.com.mx\/Portal\/?p=209866"},"modified":"2025-02-26T22:49:06","modified_gmt":"2025-02-26T22:49:06","slug":"donaran-500-arboles-nativos-en-el-vivero-municipal","status":"publish","type":"post","link":"https:\/\/rnoticias.com.mx\/Portal\/2025\/02\/26\/donaran-500-arboles-nativos-en-el-vivero-municipal\/","title":{"rendered":"Donar\u00e1n 500 \u00e1rboles nativos en el Vivero Municipal"},"content":{"rendered":"<p><b data-olk-copy-source=\"MessageBody\">Hermosillo, Sonora; 26 de febrero, 2025.-<\/b>\u00a0La Direcci\u00f3n de Parques y Jardines de Servicios P\u00fablicos Municipales llevar\u00e1 una campa\u00f1a de donaci\u00f3n de 500 \u00e1rboles nativos en el Vivero Municipal.<\/p>\n<p aria-hidden=\"true\">\n<p>Amparo Fontanot Ochoa, directora del \u00e1rea, inform\u00f3 que la actividad ser\u00e1 este viernes 28 de febrero de 9:00 a 15:00 horas, en la cual las personas interesadas en sembrar un \u00e1rbol se podr\u00e1n llevar especies como amapa, palo verde, palo fierro, mezquite, mimbre o tronadora.<\/p>\n<p aria-hidden=\"true\">\n<p>La funcionaria record\u00f3 que el vivero est\u00e1 ubicado en la esquina de las calles Morelia y de la Palma, en la colonia Casa Blanca.<\/p>\n<p aria-hidden=\"true\">\n<p>Se otorgar\u00e1 un \u00e1rbol por persona, hasta agotar existencias y para mayor agilidad se sugiere registrarse previamente https:\/\/vivero-municipal-hmo.idloom.events\/yo-planto-nativo-hmo-crece-verde.<\/p>\n","protected":false},"excerpt":{"rendered":"<p>Hermosillo, Sonora; 26 de febrero, 2025.-\u00a0La Direcci\u00f3n de Parques y Jardines de Servicios P\u00fablicos Municipales llevar\u00e1 una campa\u00f1a de donaci\u00f3n de 500 \u00e1rboles nativos en el Vivero Municipal. Amparo Fontanot Ochoa, directora del \u00e1rea, inform\u00f3 que la actividad ser\u00e1 este viernes 28 de febrero de 9:00 a 15:00 horas, en la cual las personas interesadas [&hellip;]<\/p>\n","protected":false},"author":2,"featured_media":209867,"comment_status":"closed","ping_status":"closed","sticky":false,"template":"","format":"standard","meta":{"footnotes":""},"categories":[12870,178],"tags":[12865,12869],"class_list":["post-209866","post","type-post","status-publish","format-standard","has-post-thumbnail","hentry","category-destacadas","category-local","tag-destacadas","tag-local"],"jetpack_featured_media_url":"https:\/\/rnoticias.com.mx\/Portal\/wp-content\/uploads\/2025\/02\/Donaran-500-arboles-nativos-en-el-Vivero-Municipal1.jpeg","amp_enabled":true,"_links":{"self":[{"href":"https:\/\/rnoticias.com.mx\/Portal\/wp-json\/wp\/v2\/posts\/209866","targetHints":{"allow":["GET"]}}],"collection":[{"href":"https:\/\/rnoticias.com.mx\/Portal\/wp-json\/wp\/v2\/posts"}],"about":[{"href":"https:\/\/rnoticias.com.mx\/Portal\/wp-json\/wp\/v2\/types\/post"}],"author":[{"embeddable":true,"href":"https:\/\/rnoticias.com.mx\/Portal\/wp-json\/wp\/v2\/users\/2"}],"replies":[{"embeddable":true,"href":"https:\/\/rnoticias.com.mx\/Portal\/wp-json\/wp\/v2\/comments?post=209866"}],"version-history":[{"count":1,"href":"https:\/\/rnoticias.com.mx\/Portal\/wp-json\/wp\/v2\/posts\/209866\/revisions"}],"predecessor-version":[{"id":209868,"href":"https:\/\/rnoticias.com.mx\/Portal\/wp-json\/wp\/v2\/posts\/209866\/revisions\/209868"}],"wp:featuredmedia":[{"embeddable":true,"href":"https:\/\/rnoticias.com.mx\/Portal\/wp-json\/wp\/v2\/media\/209867"}],"wp:attachment":[{"href":"https:\/\/rnoticias.com.mx\/Portal\/wp-json\/wp\/v2\/media?parent=209866"}],"wp:term":[{"taxonomy":"category","embeddable":true,"href":"https:\/\/rnoticias.com.mx\/Portal\/wp-json\/wp\/v2\/categories?post=209866"},{"taxonomy":"post_tag","embeddable":true,"href":"https:\/\/rnoticias.com.mx\/Portal\/wp-json\/wp\/v2\/tags?post=209866"}],"curies":[{"name":"wp","href":"https:\/\/api.w.org\/{rel}","templated":true}]}}