{"id":209863,"date":"2025-02-26T22:42:34","date_gmt":"2025-02-26T22:42:34","guid":{"rendered":"https:\/\/rnoticias.com.mx\/Portal\/?p=209863"},"modified":"2025-02-26T22:42:34","modified_gmt":"2025-02-26T22:42:34","slug":"captura-amic-a-un-implicado-en-la-muerte-de-perrita-en-san-pedro-el-saucito-en-hermosillo","status":"publish","type":"post","link":"https:\/\/rnoticias.com.mx\/Portal\/2025\/02\/26\/captura-amic-a-un-implicado-en-la-muerte-de-perrita-en-san-pedro-el-saucito-en-hermosillo\/","title":{"rendered":"Captura AMIC a un implicado en la muerte de perrita en San Pedro El Saucito, en Hermosillo"},"content":{"rendered":"<p>Hermosillo, Sonora, 26 de febrero de 2025.- Elementos de la Agencia Ministerial de Investigaci\u00f3n Criminal (AMIC) capturaron a Ram\u00f3n Alfonso \u201cN\u201d, de 27 a\u00f1os, por su probable responsabilidad en el delito de maltrato o crueldad contra los animales con resultado material de muerte de un canino en situaci\u00f3n de calle, al que presuntamente arrastr\u00f3 atado a un veh\u00edculo en San Pedro El Saucito, municipio de Hermosillo.<\/p>\n<p>Los hechos se registraron el pasado 19 de febrero, cuando el imputado, en compa\u00f1\u00eda de otra persona, at\u00f3 con una cuerda a un canino hembra, mestiza, de aproximadamente 1 a\u00f1o y medio de edad, a un pick-up doble cabina color gris, el cual conduc\u00eda, y lo arrastr\u00f3 por la carretera a San Pedro El Saucito, lo cual se registr\u00f3 en im\u00e1genes en redes sociales.<\/p>\n<p>El animal de compa\u00f1\u00eda se encontraba con vida al momento del hecho, padeciendo lesiones severas en diversas partes de su anatom\u00eda corporal, que le provocaron un prolongado sufrimiento hasta su fallecimiento.<\/p>\n<p>Este acto, realizado con sa\u00f1a y sin motivo justificable, constituye un grave delito contra la vida y el bienestar animal, afectando tambi\u00e9n a la sociedad en su conjunto, por lo que se abri\u00f3 la respectiva carpeta de investigaci\u00f3n.<\/p>\n<p>Ram\u00f3n Alfonso \u201cN\u201d fue ubicado y aprehendido en la v\u00eda p\u00fablica por los agentes ministeriales el 26 de febrero en un callej\u00f3n sin nombre, a 300 metros al oriente del camino de terracer\u00eda La Victoria a San Pedro El Saucito.<\/p>\n<p>El sujeto qued\u00f3 interno en el Centro de Reinserci\u00f3n Social (CERESO) de Hermosillo, donde permanecer\u00e1 a disposici\u00f3n de la autoridad judicial para el proceso correspondiente.<\/p>\n<p>La Fiscal\u00eda General de Justicia del Estado de Sonora (FGJES) reafirma su compromiso con el combate al maltrato animal y el respeto a la vida, aplicando la ley con rigor para sancionar este tipo de conductas y garantizar la justicia.<\/p>\n","protected":false},"excerpt":{"rendered":"<p>Hermosillo, Sonora, 26 de febrero de 2025.- Elementos de la Agencia Ministerial de Investigaci\u00f3n Criminal (AMIC) capturaron a Ram\u00f3n Alfonso \u201cN\u201d, de 27 a\u00f1os, por su probable responsabilidad en el delito de maltrato o crueldad contra los animales con resultado material de muerte de un canino en situaci\u00f3n de calle, al que presuntamente arrastr\u00f3 atado [&hellip;]<\/p>\n","protected":false},"author":2,"featured_media":209864,"comment_status":"closed","ping_status":"closed","sticky":false,"template":"","format":"standard","meta":{"footnotes":""},"categories":[12870,178],"tags":[12865,12869],"class_list":["post-209863","post","type-post","status-publish","format-standard","has-post-thumbnail","hentry","category-destacadas","category-local","tag-destacadas","tag-local"],"jetpack_featured_media_url":"https:\/\/rnoticias.com.mx\/Portal\/wp-content\/uploads\/2025\/02\/8e3a5845-f435-44a9-aa72-b4a59fcd6738.jpg","amp_enabled":true,"_links":{"self":[{"href":"https:\/\/rnoticias.com.mx\/Portal\/wp-json\/wp\/v2\/posts\/209863","targetHints":{"allow":["GET"]}}],"collection":[{"href":"https:\/\/rnoticias.com.mx\/Portal\/wp-json\/wp\/v2\/posts"}],"about":[{"href":"https:\/\/rnoticias.com.mx\/Portal\/wp-json\/wp\/v2\/types\/post"}],"author":[{"embeddable":true,"href":"https:\/\/rnoticias.com.mx\/Portal\/wp-json\/wp\/v2\/users\/2"}],"replies":[{"embeddable":true,"href":"https:\/\/rnoticias.com.mx\/Portal\/wp-json\/wp\/v2\/comments?post=209863"}],"version-history":[{"count":1,"href":"https:\/\/rnoticias.com.mx\/Portal\/wp-json\/wp\/v2\/posts\/209863\/revisions"}],"predecessor-version":[{"id":209865,"href":"https:\/\/rnoticias.com.mx\/Portal\/wp-json\/wp\/v2\/posts\/209863\/revisions\/209865"}],"wp:featuredmedia":[{"embeddable":true,"href":"https:\/\/rnoticias.com.mx\/Portal\/wp-json\/wp\/v2\/media\/209864"}],"wp:attachment":[{"href":"https:\/\/rnoticias.com.mx\/Portal\/wp-json\/wp\/v2\/media?parent=209863"}],"wp:term":[{"taxonomy":"category","embeddable":true,"href":"https:\/\/rnoticias.com.mx\/Portal\/wp-json\/wp\/v2\/categories?post=209863"},{"taxonomy":"post_tag","embeddable":true,"href":"https:\/\/rnoticias.com.mx\/Portal\/wp-json\/wp\/v2\/tags?post=209863"}],"curies":[{"name":"wp","href":"https:\/\/api.w.org\/{rel}","templated":true}]}}